{"id":1142,"date":"2013-12-12T07:30:00","date_gmt":"2013-12-12T06:30:00","guid":{"rendered":"http:\/\/www.lfk.se\/?p=1142"},"modified":"2016-04-29T19:23:16","modified_gmt":"2016-04-29T17:23:16","slug":"25-ar-sedan-forsta-gangen","status":"publish","type":"post","link":"https:\/\/www.lfk.se\/?p=1142","title":{"rendered":"25 \u00e5r sedan f\u00f6rsta g\u00e5ngen"},"content":{"rendered":"<div style=\"clear: both; text-align: center;\"><a style=\"margin-left: 1em; margin-right: 1em;\" href=\"http:\/\/www.lfk.se\/wp-content\/uploads\/2013\/12\/imagehandler.jpg\"><img loading=\"lazy\" decoding=\"async\" src=\"http:\/\/www.lfk.se\/wp-content\/uploads\/2013\/12\/imagehandler-300x211.jpg\" width=\"320\" height=\"225\" border=\"0\" \/><\/a><\/div>\n<div style=\"clear: both; text-align: center;\"><\/div>\n<p>F.d. Chefsprovflygaren p\u00e5 Saab, och tillika varande LFK-medlemmen, Stig Holmstr\u00f6m firade 25 \u00e5rsjublil\u00e9et av hans <a href=\"http:\/\/www.corren.se\/ostergotland\/linkoping\/25-ar-sedan-forsta-flygningen-6650699-artikel.aspx\">f\u00f6rsta flygning med Gripen A<\/a> genom att <a href=\"http:\/\/www.corren.se\/ostergotland\/linkoping\/stig-firade-jubileet-med-ny-flygning-6653948-artikel.aspx\">\u00e5ka ett pass i den senaste versionen av Gripen D<\/a>.<\/p>\n<p><i>&#8221;\u2013 Vi startade med t\u00e4nd efterbr\u00e4nnkammare. Det var h\u00e4ftigt och vi var uppe i luften som en raket.<\/i><\/p>\n<p><em>Denna g\u00e5ng var inte Stig Holmstr\u00f6m ensam i planet \u2013 ett Jas 39 Gripen D. Bakom spakarna satt \u00e4ven Richard Ljungberg, Saabs nuvarande chefsprovflygare.<\/em><\/p>\n<p><em>\u2013 Men jag fick flyga en stor del av passet och vi var uppe i sju g som mest. Sedan tyckte jag att det fick r\u00e4cka.<\/em><\/p>\n<p><em>Den f\u00f6rsta flygningen f\u00f6r 25 \u00e5r sedan varade i 51 minuter. Flygningen p\u00e5 m\u00e5ndagen, som bland annat gick \u00f6ver Stig Holmstr\u00f6ms hemort Oskarshamn, varade i 55 minuter.<\/em><\/p>\n<p><em>\u2013 Det \u00e4r fortfarande lika h\u00e4rligt att flyga! sade Stig Holmstr\u00f6m efter jubileumsflygningen&#8221;.<\/em><\/p>\n<p>LFK grundades av Saab-piloter och har genom \u00e5ren haft en mycket stark koppling till v\u00e5r granne vid flygf\u00e4ltet. Inte minst m\u00e4rks det av att m\u00e5nga provflygare \u00e4r medlem i LFK.<\/p>\n<p>Stort grattis till Stig som \u00e4r en mycket aktiv medlem i LFK. Han s\u00e5gs bl.a. med penseln i n\u00e4ven n\u00e4r <a href=\"http:\/\/www.lfk.se\/?p=1180\">klubbhuset m\u00e5lades om i somras<\/a>.<\/p>\n","protected":false},"excerpt":{"rendered":"<p>F.d. Chefsprovflygaren p\u00e5 Saab, och tillika varande LFK-medlemmen, Stig Holmstr\u00f6m firade 25 \u00e5rsjublil\u00e9et av hans f\u00f6rsta flygning med Gripen A genom att \u00e5ka ett pass i den senaste versionen av Gripen D. &#8221;\u2013 Vi startade med t\u00e4nd efterbr\u00e4nnkammare. Det var h\u00e4ftigt och vi var uppe i luften som en raket. Denna g\u00e5ng var inte Stig Holmstr\u00f6m ensam i planet \u2013 ett Jas 39 Gripen D. Bakom spakarna satt \u00e4ven Richard Ljungberg, Saabs nuvarande chefsprovflygare. \u2013 Men jag fick flyga en stor del av passet och vi var uppe i sju g som mest. Sedan tyckte jag att det fick r\u00e4cka. Den f\u00f6rsta flygningen f\u00f6r 25 \u00e5r sedan varade i 51 minuter. Flygningen p\u00e5 m\u00e5ndagen, som bland annat gick \u00f6ver Stig Holmstr\u00f6ms hemort Oskarshamn, varade i 55 minuter. \u2013 Det \u00e4r fortfarande lika h\u00e4rligt att flyga! sade Stig Holmstr\u00f6m efter jubileumsflygningen&#8221;. LFK grundades av Saab-piloter och har genom \u00e5ren haft en\u2026 <a class=\"continue-reading-link\" href=\"https:\/\/www.lfk.se\/?p=1142\">L\u00e4s mer<\/a><\/p>\n","protected":false},"author":2,"featured_media":540,"comment_status":"open","ping_status":"open","sticky":false,"template":"","format":"standard","meta":{"footnotes":""},"categories":[48],"tags":[36,43,73],"class_list":["post-1142","post","type-post","status-publish","format-standard","has-post-thumbnail","hentry","category-kontakten","tag-gripen","tag-jubileum","tag-saab"],"_links":{"self":[{"href":"https:\/\/www.lfk.se\/index.php?rest_route=\/wp\/v2\/posts\/1142","targetHints":{"allow":["GET"]}}],"collection":[{"href":"https:\/\/www.lfk.se\/index.php?rest_route=\/wp\/v2\/posts"}],"about":[{"href":"https:\/\/www.lfk.se\/index.php?rest_route=\/wp\/v2\/types\/post"}],"author":[{"embeddable":true,"href":"https:\/\/www.lfk.se\/index.php?rest_route=\/wp\/v2\/users\/2"}],"replies":[{"embeddable":true,"href":"https:\/\/www.lfk.se\/index.php?rest_route=%2Fwp%2Fv2%2Fcomments&post=1142"}],"version-history":[{"count":2,"href":"https:\/\/www.lfk.se\/index.php?rest_route=\/wp\/v2\/posts\/1142\/revisions"}],"predecessor-version":[{"id":33779,"href":"https:\/\/www.lfk.se\/index.php?rest_route=\/wp\/v2\/posts\/1142\/revisions\/33779"}],"wp:featuredmedia":[{"embeddable":true,"href":"https:\/\/www.lfk.se\/index.php?rest_route=\/wp\/v2\/media\/540"}],"wp:attachment":[{"href":"https:\/\/www.lfk.se\/index.php?rest_route=%2Fwp%2Fv2%2Fmedia&parent=1142"}],"wp:term":[{"taxonomy":"category","embeddable":true,"href":"https:\/\/www.lfk.se\/index.php?rest_route=%2Fwp%2Fv2%2Fcategories&post=1142"},{"taxonomy":"post_tag","embeddable":true,"href":"https:\/\/www.lfk.se\/index.php?rest_route=%2Fwp%2Fv2%2Ftags&post=1142"}],"curies":[{"name":"wp","href":"https:\/\/api.w.org\/{rel}","templated":true}]}}