{"id":1177,"date":"2013-07-09T19:22:00","date_gmt":"2013-07-09T17:22:00","guid":{"rendered":"http:\/\/www.lfk.se\/?p=1177"},"modified":"2021-02-09T11:53:12","modified_gmt":"2021-02-09T10:53:12","slug":"kontakt-sokes","status":"publish","type":"post","link":"https:\/\/www.lfk.se\/?p=1177","title":{"rendered":"Kontakt s\u00f6kes!"},"content":{"rendered":"<p>Som m\u00e5nga av er medlemmar har m\u00e4rkt s\u00e5 f\u00f6rs\u00f6ker jag att nyttja de digitala medierna f\u00f6r att n\u00e5 alla. Jag skriver inl\u00e4gg p\u00e5 bloggarna, jag skriver inl\u00e4gg p\u00e5 Facebook och jag skickar ut veckovis nyhetsbrev via e-post.<\/p>\n<p>Tyv\u00e4rr s\u00e5 \u00e4r det l\u00e5ngt ifr\u00e5n alla som kan ta del av dessa m\u00f6jligheter.<\/p>\n<p>E-post saknas hos ett antal medlemmar. Oftast \u00e4r det lite \u00e4ldre medlemmar som kanske inte \u00e4r s\u00e5 aktiva p\u00e5 Internet. Det \u00e4r synd. Jag ska f\u00f6rs\u00f6ka f\u00e5 till en pappersutg\u00e5va av &#8221;Kontakten&#8221; och skicka ut till i f\u00f6rsta hand dessa medlemmar. Men sedan \u00e4r det ett antal medlemmar d\u00e4r breven studsar f\u00f6r att &#8221;adressaten \u00e4r ok\u00e4nd&#8221;.<\/p>\n<p>Folk byter jobb och e-post lite d\u00e5 och d\u00e5 och gl\u00f6mmer att man har sin gamla adress i n\u00e5got medlemsregister. Extra b\u00f6kigt \u00e4r det nu under sommaren d\u00e5 m\u00e4ngder av e-post studsar eftersom man nyttjar sin arbetse-postadress och inte kan l\u00e4sa den under semestern (Eller inte vill l\u00e4sa den. Jag tillh\u00f6r sj\u00e4lv den kategorin). Detta \u00e4r lite synd eftersom v\u00e5ra medlemsregister anv\u00e4nds f\u00f6r mer \u00e4n bara nyhetsspridning. Bl.a. s\u00e5 anv\u00e4nds den av v\u00e5rt bokningssystem f\u00f6r flygplan. N\u00e4r en ombokning eller avbokning sker s\u00e5 f\u00e5r man automatiskt ett brev som talar om detta. Skulle denna ombokning ske p\u00e5 grund av att t.ex. ett flygplan g\u00e5tt in p\u00e5 reparation s\u00e5 kan det vara bra att veta s\u00e5 att man inte missar det och \u00e5ker ut till klubben i on\u00f6dan. Nu ska i och f\u00f6r sig jouren f\u00f6rs\u00f6ka st\u00f6tta och ringa upp medlemmar n\u00e4r det blir \u00e4ndringar. Men handen p\u00e5 hj\u00e4rtat s\u00e5 \u00e4r m\u00e5nga inte n\u00e5bara ens p\u00e5 telefon i sommartider och det \u00e4r inte alltid vi har frivilliga medlemmar som jobbar som jour. E-post ligger och v\u00e4ntar p\u00e5 att mottagaren l\u00e4ser dem.<\/p>\n<p>Mitt f\u00f6rsta budskap \u00e4r d\u00e4rf\u00f6r: <i>&#8221;Se till att era adressuppgifter inklusive telefon och e-post \u00e4r korrekta i medlemsregistret&#8221;<\/i>. Ni beh\u00f6ver inte oroa er. Vi s\u00e4ljer inte v\u00e5ra medlemsregister till andra f\u00f6retag och vi skickar alltid gruppe-post med anonym s\u00e4ndlista s\u00e5 att inte SPAM-motorer kan hitta adresserna s\u00e5 enkelt.<\/p>\n<p>Facebook \u00e4r en annan bra kanal som jag vill sl\u00e5 ett slag f\u00f6r. V\u00e5rt diskussionsforum p\u00e5 hemsidan h\u00e5ller mycket l\u00e5g profil med n\u00e5got inl\u00e4gg per kvartal. Facebookgruppen har flera per dag. Tyv\u00e4rr s\u00e5 har v\u00e5r Facebookgrupp bara strax \u00f6ver 100 medlemmar. Ett normalt inl\u00e4gg l\u00e4ses av ca 80. Detta trots att LFK har \u00f6ver 300 medlemmar. Till r\u00e5ga p\u00e5 allt \u00e4r m\u00e5nga av Facebookmedlemmarna inte ens medlemmar i LFK, utan bara &#8221;vanliga&#8221; flygintresserade. Jag vet att det \u00e4r m\u00e5nga som \u00e4r Facebookskeptiker och inte vill l\u00e4gga ut sitt liv p\u00e5 n\u00e4tet. Men det \u00e4r trots allt upp till var och en hur mycket man vill l\u00e4gga ut. M\u00e5nga av mina bekanta (inklusive mina f\u00f6r\u00e4ldrar) har en Facebookadress bara f\u00f6r att kunna h\u00e4nga med i diskussioner i olika debattgrupper. Som <a href=\"https:\/\/www.facebook.com\/groups\/116355461734468\/?fref=ts\">EAA<\/a>, <a href=\"https:\/\/www.facebook.com\/pages\/KSAK-Motorflyg\/350688285047200?fref=ts\">KSAK<\/a>, <a href=\"https:\/\/www.facebook.com\/groups\/LinkopingsFK\/?fref=ts\">Link\u00f6pings Flygklubb<\/a>, <a href=\"https:\/\/www.facebook.com\/pages\/Link%C3%B6pings-universitets-flygf%C3%B6rening\/341687779287361?fref=ts\">Link\u00f6pings universitets Flygf\u00f6rening<\/a> m.m.<\/p>\n<p>Mitt andra och f\u00f6r dagen sista budskap \u00e4r <i>&#8221;Skaffa ett Facebookkonto. L\u00e4gg n\u00f6dv\u00e4ndigtvis inte ut allt om er sj\u00e4lva eller er familj, men h\u00e4ng med i LFK:s diskussioner&#8221;<\/i>.<\/p>\n<p>Vi ses p\u00e5 n\u00e4tet! \ud83d\ude42<\/p>\n","protected":false},"excerpt":{"rendered":"<p>Som m\u00e5nga av er medlemmar har m\u00e4rkt s\u00e5 f\u00f6rs\u00f6ker jag att nyttja de digitala medierna f\u00f6r att n\u00e5 alla. Jag skriver inl\u00e4gg p\u00e5 bloggarna, jag skriver inl\u00e4gg p\u00e5 Facebook och jag skickar ut veckovis nyhetsbrev via e-post. Tyv\u00e4rr s\u00e5 \u00e4r det l\u00e5ngt ifr\u00e5n alla som kan ta del av dessa m\u00f6jligheter. E-post saknas hos ett antal medlemmar. Oftast \u00e4r det lite \u00e4ldre medlemmar som kanske inte \u00e4r s\u00e5 aktiva p\u00e5 Internet. Det \u00e4r synd. Jag ska f\u00f6rs\u00f6ka f\u00e5 till en pappersutg\u00e5va av &#8221;Kontakten&#8221; och skicka ut till i f\u00f6rsta hand dessa medlemmar. Men sedan \u00e4r det ett antal medlemmar d\u00e4r breven studsar f\u00f6r att &#8221;adressaten \u00e4r ok\u00e4nd&#8221;. Folk byter jobb och e-post lite d\u00e5 och d\u00e5 och gl\u00f6mmer att man har sin gamla adress i n\u00e5got medlemsregister. Extra b\u00f6kigt \u00e4r det nu under sommaren d\u00e5 m\u00e4ngder av e-post studsar eftersom man nyttjar sin arbetse-postadress och inte kan l\u00e4sa den under\u2026 <a class=\"continue-reading-link\" href=\"https:\/\/www.lfk.se\/?p=1177\">L\u00e4s mer<\/a><\/p>\n","protected":false},"author":2,"featured_media":0,"comment_status":"open","ping_status":"open","sticky":false,"template":"","format":"standard","meta":{"footnotes":""},"categories":[48],"tags":[197],"class_list":["post-1177","post","type-post","status-publish","format-standard","hentry","category-kontakten","tag-okategoriserade"],"_links":{"self":[{"href":"https:\/\/www.lfk.se\/index.php?rest_route=\/wp\/v2\/posts\/1177","targetHints":{"allow":["GET"]}}],"collection":[{"href":"https:\/\/www.lfk.se\/index.php?rest_route=\/wp\/v2\/posts"}],"about":[{"href":"https:\/\/www.lfk.se\/index.php?rest_route=\/wp\/v2\/types\/post"}],"author":[{"embeddable":true,"href":"https:\/\/www.lfk.se\/index.php?rest_route=\/wp\/v2\/users\/2"}],"replies":[{"embeddable":true,"href":"https:\/\/www.lfk.se\/index.php?rest_route=%2Fwp%2Fv2%2Fcomments&post=1177"}],"version-history":[{"count":3,"href":"https:\/\/www.lfk.se\/index.php?rest_route=\/wp\/v2\/posts\/1177\/revisions"}],"predecessor-version":[{"id":35934,"href":"https:\/\/www.lfk.se\/index.php?rest_route=\/wp\/v2\/posts\/1177\/revisions\/35934"}],"wp:attachment":[{"href":"https:\/\/www.lfk.se\/index.php?rest_route=%2Fwp%2Fv2%2Fmedia&parent=1177"}],"wp:term":[{"taxonomy":"category","embeddable":true,"href":"https:\/\/www.lfk.se\/index.php?rest_route=%2Fwp%2Fv2%2Fcategories&post=1177"},{"taxonomy":"post_tag","embeddable":true,"href":"https:\/\/www.lfk.se\/index.php?rest_route=%2Fwp%2Fv2%2Ftags&post=1177"}],"curies":[{"name":"wp","href":"https:\/\/api.w.org\/{rel}","templated":true}]}}