{"id":1217,"date":"2013-04-19T18:22:00","date_gmt":"2013-04-19T16:22:00","guid":{"rendered":"http:\/\/www.lfk.se\/?p=1217"},"modified":"2021-02-09T20:11:19","modified_gmt":"2021-02-09T19:11:19","slug":"dags-att-fylla-kalendern-uppdaterad","status":"publish","type":"post","link":"https:\/\/www.lfk.se\/?p=1217","title":{"rendered":"Dags att fylla kalendern? (uppdaterad)"},"content":{"rendered":"<p>Sn\u00f6n sm\u00e4lter f\u00f6r fullt och med flyttf\u00e5glarnas ankomst s\u00e5 b\u00f6rjar ocks\u00e5 s\u00e4songen f\u00f6r flygdagar. Jag t\u00e4nkte i detta inl\u00e4gg lista upp de flygdagar som \u00e4r aktuella i Sverige. Tanken \u00e4r att uppdatera inl\u00e4gget allteftersom jag f\u00e5r reda p\u00e5 fler samt l\u00e4gga upp det som en l\u00e4nk i menyn h\u00f6gst uppe under bloggens rubrik. Finns det intresse s\u00e5 kan resor samordnas. Jag hoppas p\u00e5 att medlemmar som bes\u00f6ker de olika flygdagarna h\u00f6r av sig med bilder och reseber\u00e4ttelser.<\/p>\n<div><\/div>\n<div><b>Flygdagar\/jubileum<\/b><\/div>\n<div>1 maj. Sk\u00e5ne Fagerhult. Wings &amp; Tracks.<\/p>\n<p>26 maj. Roll Out p\u00e5 <a href=\"http:\/\/www.flygmuseum.com\/evenemang\">H\u00e4ssl\u00f6 i V\u00e4ster\u00e5s<\/a>. Brukar vara en mycket trevlig tillst\u00e4llning och i \u00e5r g\u00e4stas man bl.a. av <a href=\"http:\/\/swafhf.se\/start-swafhf.html\">Swedish Air Force Historic Flight<\/a> med AJS 37 Viggen och J 29 Tunnan. Jag rekommenderar alla att g\u00e5 med som st\u00f6dmedlem i SwAFHF om man vill forts\u00e4tta att se dessa (dyra) klenoder i luften.<\/p>\n<\/div>\n<div><\/div>\n<div>1-2 juni. <a href=\"http:\/\/www.eaa.se\/dokument\/nyheter\/EAA_flyin_2013.pdf\">EAA Fly In<\/a> p\u00e5 gamla F 15 i S\u00f6derhamn. Hit planerar jag och ett par kompisar att flyga upp med tv\u00e5 PA-28. Om det finns intresse fr\u00e5n andra medlemmar s\u00e5 kan vi planera turen tillsammans.<\/div>\n<div><\/div>\n<div>6 juni. Svenska flaggans dag och <a href=\"http:\/\/maf.se\/event\/\">MAF flygdag p\u00e5 Stegeborg<\/a>. Stegeborg \u00e4r ett mycket trevligt f\u00e4lt att bes\u00f6ka. Jag och ett par andra kompisar p\u00e5 klubben planerar att flyga dit med tv\u00e5 PA-28.<\/div>\n<div><\/div>\n<div>8-9 juni.\u00a0<a href=\"http:\/\/www.aeroseum.se\/goteborgaeroshow\/\">G\u00f6teborg Aero Show<\/a>. En bit att \u00e5ka f\u00f6r oss Link\u00f6pingsbor, men \u00e4ven d\u00e4r dyker bl.a. SwAFHF upp. Man kan dessutom passa p\u00e5 att bes\u00f6ka <a href=\"http:\/\/www.aeroseum.se\/\">Aeroseum<\/a>.<\/div>\n<div><\/div>\n<div>15 juni. Sk\u00e5 Edeby <a href=\"http:\/\/www.ska-edeby.se\/Hem\/tabid\/57\/ModuleID\/573\/ItemID\/28\/mctl\/EventDetails\/Default.aspx\">Veterandag 2013<\/a>. Brukar vara mycket trevlig med en gemytlig atmosf\u00e4r a la 1943.<\/div>\n<div><\/div>\n<div>29-30 juni.\u00a0<a href=\"http:\/\/tierparena.com\/evenemang\/10-tierp-arena-flygfest-29-30-juni\">Tierp Arena flygfest<\/a>.<\/p>\n<p>19-20 juli. <a href=\"http:\/\/www.wheelsnwings.se\/\">Falkenberg Wheels &amp; Wings<\/a>.<\/p>\n<\/div>\n<div><\/div>\n<div>24-31 juli. <a href=\"http:\/\/www.aircraftmeeting.com\/\">Classic Aircraft Meeting<\/a>.<\/div>\n<div><\/div>\n<div>2-4 augusti. <a href=\"http:\/\/flygochmotorfestival.se\/\">\u00d6rebro Flyg och motorfestival<\/a>.<\/div>\n<div><\/div>\n<div>2-3 augusti. Visings\u00f6 Fly-In.<\/div>\n<div><\/div>\n<div>9-11 augusti. <a href=\"http:\/\/www.siljansnasfk.com\/kraftstjartsvangen-2013\/\">Kr\u00e4ftstj\u00e4rtsv\u00e4ngen<\/a> i Siljansn\u00e4s.<\/p>\n<p>10 augusti <a href=\"http:\/\/www.ovansiljansfk.se\/site\/?page_id=443\">Mora Airshow<\/a>.<\/p>\n<\/div>\n<div><\/div>\n<div>18 augusti. <a href=\"http:\/\/landskronaflygshow.se\/\">Landskrona Flyshow<\/a>.<\/div>\n<div><\/div>\n<div>23-25 augusti. <a href=\"http:\/\/www5.idrottonline.se\/GoteborgsSFK-Flygsport\/Jubileum80ar\/\">G\u00f6teborgs segelflygklubb 80 \u00e5r<\/a>.<\/div>\n<div>24 augusti. <a href=\"http:\/\/www.lfk.se\/?p=1202\">LFK 80-\u00e5rs Fly-In<\/a>\u00a0p\u00e5 Saab-f\u00e4ltet i Link\u00f6ping.<\/p>\n<\/div>\n<div>25 augusti. Flyg och motordag p\u00e5 Skavsta.<\/div>\n<div><\/div>\n<div>24-25 augusti. KSAK anordnar motorflygets dag p\u00e5 m\u00e5nga klubbar runt om i landet.<\/div>\n<div><\/div>\n<div>31 augusti. <a href=\"http:\/\/www.borasairshow.se\/\">Bor\u00e5s Airshow<\/a>. Bor\u00e5s flygklubb fyller 75 \u00e5r.<\/div>\n<div><\/div>\n<div>31 augusti. Familjeflygdag F 7 S\u00e5ten\u00e4s.<\/div>\n<div><\/div>\n<div>1 september. Lions Vallentuna <a href=\"http:\/\/www.lionsclub-vallentuna.se\/\">Flyg &amp; motordag<\/a>.<\/p>\n<p>7-8 september. 50-talsfest Flygvapenmuseum i Link\u00f6ping.<\/p>\n<\/div>\n<div><\/div>\n<div><b>\u00d6vriga Fly-In<\/b><\/div>\n<div>Esl\u00f6v flygklubb anordnar <a href=\"http:\/\/eslovsflygklubb.se\/Download\/Sommarkvallsgrillning.pdf\">Fly-In med grillning<\/a> varje torsdagskv\u00e4ll under juni och juli med start den 30 maj.<\/div>\n<div><\/div>\n<div>I Ljungbyhed anordnas <a href=\"http:\/\/flynride.se\/\">Fly\u00b4n\u00b4Ride<\/a> den andra l\u00f6rdagen i juli, augusti och september.<\/p>\n<p>2-4 augusti. <a href=\"http:\/\/www.aopa.se\/FlyIn-2013.htm\">AOPA Fly-In<\/a> p\u00e5 Feringe.<\/p>\n<p>3 augusti Visings\u00f6 Fly-In.<\/p>\n<\/div>\n<div><\/div>\n<div><a href=\"http:\/\/www.lfk.se\/aktiviteter\/kalender\/\">Kalendern<\/a> p\u00e5 LFK hemsida kommer ocks\u00e5 att uppdateras med dessa flygdagar s\u00e5 fort jag blir v\u00e4n med anv\u00e4ndargr\u00e4nssnittet och kan editera sidan.<\/div>\n<div><\/div>\n<div>Se \u00e4ven <a href=\"http:\/\/ksak.se\/kalender\">KSAK<\/a>, <a href=\"http:\/\/www.eaa.se\/index.php?option=com_content&amp;view=article&amp;id=308&amp;Itemid=124\">EAA<\/a>,\u00a0<a href=\"http:\/\/www.flyghistoria.org\/flygdagar_aktuella.htm\">SFF<\/a>\u00a0och <a href=\"http:\/\/flygdagar.se\/\">flygdagar.se<\/a> kalendrar f\u00f6r flygdagar i Sverige och utomlands. Se h\u00e4r vilka flygdagar som <a href=\"http:\/\/swafhf.se\/program2013\/Flygdagar2013.html\">SwAFHF<\/a>,\u00a0<a href=\"http:\/\/www.dc-3.se\/flygdagar\/\">DC-3 &#8221;Congo Queen&#8221;<\/a>, <a href=\"http:\/\/www.flygandeveteraner.se\/sv\/flygningar\">Flygande veteraners DC-3 &#8221;Daisy&#8221;<\/a>\u00a0och\u00a0<a href=\"http:\/\/biltema-airshow.se\/index.php\/sv\/\">Biltema<\/a>\u00a0Spitfire och Mustang deltar i.<\/p>\n<p>Denna sida \u00e4r uppdaterad 13-05-07, 20:05.<\/p>\n<\/div>\n","protected":false},"excerpt":{"rendered":"<p>Sn\u00f6n sm\u00e4lter f\u00f6r fullt och med flyttf\u00e5glarnas ankomst s\u00e5 b\u00f6rjar ocks\u00e5 s\u00e4songen f\u00f6r flygdagar. Jag t\u00e4nkte i detta inl\u00e4gg lista upp de flygdagar som \u00e4r aktuella i Sverige. Tanken \u00e4r att uppdatera inl\u00e4gget allteftersom jag f\u00e5r reda p\u00e5 fler samt l\u00e4gga upp det som en l\u00e4nk i menyn h\u00f6gst uppe under bloggens rubrik. Finns det intresse s\u00e5 kan resor samordnas. Jag hoppas p\u00e5 att medlemmar som bes\u00f6ker de olika flygdagarna h\u00f6r av sig med bilder och reseber\u00e4ttelser. Flygdagar\/jubileum 1 maj. Sk\u00e5ne Fagerhult. Wings &amp; Tracks. 26 maj. Roll Out p\u00e5 H\u00e4ssl\u00f6 i V\u00e4ster\u00e5s. Brukar vara en mycket trevlig tillst\u00e4llning och i \u00e5r g\u00e4stas man bl.a. av Swedish Air Force Historic Flight med AJS 37 Viggen och J 29 Tunnan. Jag rekommenderar alla att g\u00e5 med som st\u00f6dmedlem i SwAFHF om man vill forts\u00e4tta att se dessa (dyra) klenoder i luften. 1-2 juni. EAA Fly In p\u00e5 gamla F 15 i\u2026 <a class=\"continue-reading-link\" href=\"https:\/\/www.lfk.se\/?p=1217\">L\u00e4s mer<\/a><\/p>\n","protected":false},"author":2,"featured_media":0,"comment_status":"open","ping_status":"open","sticky":false,"template":"","format":"standard","meta":{"footnotes":""},"categories":[48],"tags":[2,24,44],"class_list":["post-1217","post","type-post","status-publish","format-standard","hentry","category-kontakten","tag-2","tag-flygdag","tag-kalender"],"_links":{"self":[{"href":"https:\/\/www.lfk.se\/index.php?rest_route=\/wp\/v2\/posts\/1217","targetHints":{"allow":["GET"]}}],"collection":[{"href":"https:\/\/www.lfk.se\/index.php?rest_route=\/wp\/v2\/posts"}],"about":[{"href":"https:\/\/www.lfk.se\/index.php?rest_route=\/wp\/v2\/types\/post"}],"author":[{"embeddable":true,"href":"https:\/\/www.lfk.se\/index.php?rest_route=\/wp\/v2\/users\/2"}],"replies":[{"embeddable":true,"href":"https:\/\/www.lfk.se\/index.php?rest_route=%2Fwp%2Fv2%2Fcomments&post=1217"}],"version-history":[{"count":3,"href":"https:\/\/www.lfk.se\/index.php?rest_route=\/wp\/v2\/posts\/1217\/revisions"}],"predecessor-version":[{"id":36028,"href":"https:\/\/www.lfk.se\/index.php?rest_route=\/wp\/v2\/posts\/1217\/revisions\/36028"}],"wp:attachment":[{"href":"https:\/\/www.lfk.se\/index.php?rest_route=%2Fwp%2Fv2%2Fmedia&parent=1217"}],"wp:term":[{"taxonomy":"category","embeddable":true,"href":"https:\/\/www.lfk.se\/index.php?rest_route=%2Fwp%2Fv2%2Fcategories&post=1217"},{"taxonomy":"post_tag","embeddable":true,"href":"https:\/\/www.lfk.se\/index.php?rest_route=%2Fwp%2Fv2%2Ftags&post=1217"}],"curies":[{"name":"wp","href":"https:\/\/api.w.org\/{rel}","templated":true}]}}