{"id":27912,"date":"2014-07-15T22:31:50","date_gmt":"2014-07-15T20:31:50","guid":{"rendered":"http:\/\/www.lfk.se\/?p=27912"},"modified":"2021-02-10T20:22:42","modified_gmt":"2021-02-10T19:22:42","slug":"nya-miljoer-nya-utmaningar","status":"publish","type":"post","link":"https:\/\/www.lfk.se\/?p=27912","title":{"rendered":"Nya milj\u00f6er, nya utmaningar"},"content":{"rendered":"<p>F\u00f6r lite mer \u00e4n en vecka sedan <a href=\"http:\/\/www.lfk.se\/?p=27717\">flyttade vi v\u00e5ra PA-28:or till Norrk\u00f6ping<\/a>. Tyv\u00e4rr s\u00e5 har f\u00f6rsta veckan inneburit en hel del nya utmaningar.<\/p>\n<p>Det b\u00f6rjade med att fartm\u00e4taren inte gav utslag p\u00e5 ett flygplan i samband med start. N\u00e5r det intr\u00e4ffade p\u00e5 ytterligare en maskin samt att en tredje r\u00e5kade ut f\u00f6r en avbruten antenn s\u00e5 b\u00f6rjade vi ana ugglor i mossen. Kunde det vara s\u00e5 illa att s\u00e5 att de utsatts f\u00f6r skada av n\u00e5gon utomst\u00e5ende? V\u00e5r tekniker hade semester f\u00f6rra veckan och vi hade d\u00e4rf\u00f6r sv\u00e5rt att inspektera vad som h\u00e4nt.<\/p>\n<p>Idag s\u00e5 skulle jag sj\u00e4lv \u00e5ka iv\u00e4g med en PA-28:a och vid uppst\u00e4llning f\u00f6r start s\u00e5 uppt\u00e4ckte jag att fartm\u00e4taren visade 90 knop trots att jag \u00e4nnu inte dragit p\u00e5 f\u00f6r start. Tredje k\u00e4rran med pitotr\u00f6rsproblem!<\/p>\n<p>Bara att \u00e5terv\u00e4nda till klubbhuset.<\/p>\n<p>Som tur v\u00e4l var s\u00e5 hade v\u00e5r tekniker kommit p\u00e5 plats och b\u00f6rjat reng\u00f6ra pitotr\u00f6ren. De fick demonteras och slangarna sugas rena. Sedan kontrollerades kalibreringen p\u00e5 fart och h\u00f6jdm\u00e4tarna. I n\u00e4sta start s\u00e5 funkade allt som det skulle.<\/p>\n<p>V\u00e5r huvudmisst\u00e4nkta sabot\u00f6r just nu \u00e4r sm\u00e5 insekter som kryper in i pitotr\u00f6ren. Det \u00e4r ingen ok\u00e4nd f\u00f6reteelse. Dock s\u00e5 har vi aldrig varit med om denna omfattning tidigare. LFK:s PA-28:or har genom \u00e5ren inte haft\u00a0pitotr\u00f6rsskydd eftersom vi inte har haft n\u00e5gra st\u00f6rre problem med vare sig fukt eller insekter i pitotr\u00f6ren. Detta trots att vi m\u00e5nga g\u00e5nger har st\u00e5tt uppst\u00e4llda p\u00e5 gr\u00e4sf\u00e4lt och startat och landat p\u00e5 mer eller mindre bra banor. Nu har vi f\u00e5tt utfall p\u00e5 tre flygplan p\u00e5 mindre \u00e4n en vecka.<\/p>\n<p>Akutl\u00f6sningen har blivit hemmatillverkade pitotr\u00f6rsskydd i avvaktan p\u00e5 att vi kan best\u00e4lla skydd som \u00e4r anpassade till PA-28 pitotr\u00f6r. Vi f\u00e5r se hur dessa fungerar.<\/p>\n<p>En oro som finns nu \u00e4r att medlemmarna som hyr flygplanen inte \u00e4r vana vid att ta av och p\u00e5 skydden och d\u00e4rf\u00f6r missar det vid uppstart. Men det leder i praktiken inte till annat \u00e4n det vi redan drabbats av, d.v.s. att man f\u00e5r avbryta starten och ta bort skyddet. Skulle man s\u00e4tta p\u00e5 pitotr\u00f6rsv\u00e4rmen med skyddet p\u00e5 s\u00e5 kan det bli v\u00e4rre. De provisoriska skyddet har f\u00f6rsetts med r\u00f6da sn\u00f6ren s\u00e5 att de skall vara l\u00e4tta att se om de \u00e4r borttagna eller inte.<\/p>\n<p>Vi f\u00e5r dock forts\u00e4tta att h\u00e5lla \u00f6gonen \u00f6ppna. Bevisligen s\u00e5 inneb\u00e4r en ny milj\u00f6 f\u00f6r v\u00e5ra flygplan nya utmaningar som vi inte \u00e4r vana vid. Vikten av att g\u00f6ra en ordentlig kontroll av flygplanen f\u00f6re start visar sig nu n\u00e4r rutinerna inte l\u00e4ngre fungerar som vanligt.<\/p>\n","protected":false},"excerpt":{"rendered":"<p>F\u00f6r lite mer \u00e4n en vecka sedan flyttade vi v\u00e5ra PA-28:or till Norrk\u00f6ping. Tyv\u00e4rr s\u00e5 har f\u00f6rsta veckan inneburit en hel del nya utmaningar. Det b\u00f6rjade med att fartm\u00e4taren inte gav utslag p\u00e5 ett flygplan i samband med start. N\u00e5r det intr\u00e4ffade p\u00e5 ytterligare en maskin samt att en tredje r\u00e5kade ut f\u00f6r en avbruten antenn s\u00e5 b\u00f6rjade vi ana ugglor i mossen. Kunde det vara s\u00e5 illa att s\u00e5 att de utsatts f\u00f6r skada av n\u00e5gon utomst\u00e5ende? V\u00e5r tekniker hade semester f\u00f6rra veckan och vi hade d\u00e4rf\u00f6r sv\u00e5rt att inspektera vad som h\u00e4nt. Idag s\u00e5 skulle jag sj\u00e4lv \u00e5ka iv\u00e4g med en PA-28:a och vid uppst\u00e4llning f\u00f6r start s\u00e5 uppt\u00e4ckte jag att fartm\u00e4taren visade 90 knop trots att jag \u00e4nnu inte dragit p\u00e5 f\u00f6r start. Tredje k\u00e4rran med pitotr\u00f6rsproblem! Bara att \u00e5terv\u00e4nda till klubbhuset. Som tur v\u00e4l var s\u00e5 hade v\u00e5r tekniker kommit p\u00e5 plats och b\u00f6rjat reng\u00f6ra pitotr\u00f6ren.\u2026 <a class=\"continue-reading-link\" href=\"https:\/\/www.lfk.se\/?p=27912\">L\u00e4s mer<\/a><\/p>\n","protected":false},"author":2,"featured_media":0,"comment_status":"open","ping_status":"open","sticky":false,"template":"","format":"standard","meta":{"footnotes":""},"categories":[48],"tags":[134,135],"class_list":["post-27912","post","type-post","status-publish","format-standard","hentry","category-kontakten","tag-nafk","tag-norrkoping"],"_links":{"self":[{"href":"https:\/\/www.lfk.se\/index.php?rest_route=\/wp\/v2\/posts\/27912","targetHints":{"allow":["GET"]}}],"collection":[{"href":"https:\/\/www.lfk.se\/index.php?rest_route=\/wp\/v2\/posts"}],"about":[{"href":"https:\/\/www.lfk.se\/index.php?rest_route=\/wp\/v2\/types\/post"}],"author":[{"embeddable":true,"href":"https:\/\/www.lfk.se\/index.php?rest_route=\/wp\/v2\/users\/2"}],"replies":[{"embeddable":true,"href":"https:\/\/www.lfk.se\/index.php?rest_route=%2Fwp%2Fv2%2Fcomments&post=27912"}],"version-history":[{"count":3,"href":"https:\/\/www.lfk.se\/index.php?rest_route=\/wp\/v2\/posts\/27912\/revisions"}],"predecessor-version":[{"id":36077,"href":"https:\/\/www.lfk.se\/index.php?rest_route=\/wp\/v2\/posts\/27912\/revisions\/36077"}],"wp:attachment":[{"href":"https:\/\/www.lfk.se\/index.php?rest_route=%2Fwp%2Fv2%2Fmedia&parent=27912"}],"wp:term":[{"taxonomy":"category","embeddable":true,"href":"https:\/\/www.lfk.se\/index.php?rest_route=%2Fwp%2Fv2%2Fcategories&post=27912"},{"taxonomy":"post_tag","embeddable":true,"href":"https:\/\/www.lfk.se\/index.php?rest_route=%2Fwp%2Fv2%2Ftags&post=27912"}],"curies":[{"name":"wp","href":"https:\/\/api.w.org\/{rel}","templated":true}]}}