{"id":28370,"date":"2014-11-22T17:41:01","date_gmt":"2014-11-22T16:41:01","guid":{"rendered":"http:\/\/www.lfk.se\/?p=28370"},"modified":"2021-02-09T19:12:56","modified_gmt":"2021-02-09T18:12:56","slug":"sol-igen","status":"publish","type":"post","link":"https:\/\/www.lfk.se\/?p=28370","title":{"rendered":"Sol igen!"},"content":{"rendered":"<p>De senaste veckorna har varit gr\u00e5 och trista. Flygv\u00e4dret har knappt dugit till instrumentflygning d\u00e5 det varit isbildningsrisk. Men idag s\u00e5 kom solen \u00e4ntligen fram!<\/p>\n<p>Det fina v\u00e4dret resulterade i full fart ute p\u00e5 klubben, d\u00e5 m\u00e5nga medlemmar passade p\u00e5 att lufta vingarna. Jag fick till min gl\u00e4dje mycket positiv feedback om den nya hangaren. Det \u00e4r l\u00e4tt att dra in och ut flygplan. Det \u00e4r dessutom mycket folk som r\u00f6r sig kring hangarerna. Omr\u00e5det b\u00f6rjar livas upp. Kul!<\/p>\n<p>Vi passade p\u00e5 att arbeta med den nya br\u00e4nsleanl\u00e4ggningen. Just nu s\u00e5 ser det positivt ut. Med lite tur s\u00e5 dras den sista elen i veckan och d\u00e4refter s\u00e5 ska tanken inspekteras av brandmyndigheten innan den kan tas i drift.<\/p>\n<p>I hangaren fortsatte demonteringen av gipsv\u00e4ggar. Tyv\u00e4rr s\u00e5 hittade vi mer isolering \u00e4n vad vi varit medveten om samt ocks\u00e5 en del Eternit i taket. Inte helt ov\u00e4ntat d\u00e5 det \u00e4r en gammal byggnad, men nu m\u00e5ste vi ta hand om det. Jag t\u00e4nker d\u00e4rf\u00f6r g\u00e5 ut med en medlemsmail f\u00f6r att s\u00f6ka frivilliga till att forts\u00e4tta demontera hangaren denna och n\u00e4sta helg. tack till de som st\u00e4llde upp idag!<\/p>\n<p><a href=\"http:\/\/www.lfk.se\/wp-content\/uploads\/2014\/11\/10686902_10205516337972525_6562531914656298432_n.jpg\"><img loading=\"lazy\" decoding=\"async\" class=\"alignright size-medium wp-image-28372\" src=\"http:\/\/www.lfk.se\/wp-content\/uploads\/2014\/11\/10686902_10205516337972525_6562531914656298432_n-300x200.jpg\" alt=\"10686902_10205516337972525_6562531914656298432_n\" width=\"300\" height=\"200\" srcset=\"https:\/\/www.lfk.se\/wp-content\/uploads\/2014\/11\/10686902_10205516337972525_6562531914656298432_n-300x200.jpg 300w, https:\/\/www.lfk.se\/wp-content\/uploads\/2014\/11\/10686902_10205516337972525_6562531914656298432_n-225x150.jpg 225w, https:\/\/www.lfk.se\/wp-content\/uploads\/2014\/11\/10686902_10205516337972525_6562531914656298432_n-150x100.jpg 150w, https:\/\/www.lfk.se\/wp-content\/uploads\/2014\/11\/10686902_10205516337972525_6562531914656298432_n.jpg 648w\" sizes=\"auto, (max-width: 300px) 100vw, 300px\" \/><\/a>Rivningsarbetet har uppdagat en del gamla skatter. N\u00e4r vi rev ner gipsv\u00e4ggarna i segelflygsdelen av hangaren s\u00e5 hittade vi denna lilla Pinuppa med en liten anmodan till den tekniska personalen. Kanske inte helt korrekt i dagens klimat, men en god \u00e5terblick p\u00e5 tidsandan i en hangar f\u00f6r m\u00e5nga \u00e5r sedan.<\/p>\n<p>Sj\u00e4lv s\u00e5 t\u00e4nker jag forts\u00e4tta snickra p\u00e5 v\u00e4rmestugan i hangaren i morgon. Samt kanske lite p\u00e5 mitt eget flygplan om jag f\u00e5r tid \u00f6ver&#8230; Vi f\u00e5r hoppas p\u00e5 att det fina v\u00e4dret stannar n\u00e5gon dag till.<\/p>\n","protected":false},"excerpt":{"rendered":"<p>De senaste veckorna har varit gr\u00e5 och trista. Flygv\u00e4dret har knappt dugit till instrumentflygning d\u00e5 det varit isbildningsrisk. Men idag s\u00e5 kom solen \u00e4ntligen fram! Det fina v\u00e4dret resulterade i full fart ute p\u00e5 klubben, d\u00e5 m\u00e5nga medlemmar passade p\u00e5 att lufta vingarna. Jag fick till min gl\u00e4dje mycket positiv feedback om den nya hangaren. Det \u00e4r l\u00e4tt att dra in och ut flygplan. Det \u00e4r dessutom mycket folk som r\u00f6r sig kring hangarerna. Omr\u00e5det b\u00f6rjar livas upp. Kul! Vi passade p\u00e5 att arbeta med den nya br\u00e4nsleanl\u00e4ggningen. Just nu s\u00e5 ser det positivt ut. Med lite tur s\u00e5 dras den sista elen i veckan och d\u00e4refter s\u00e5 ska tanken inspekteras av brandmyndigheten innan den kan tas i drift. I hangaren fortsatte demonteringen av gipsv\u00e4ggar. Tyv\u00e4rr s\u00e5 hittade vi mer isolering \u00e4n vad vi varit medveten om samt ocks\u00e5 en del Eternit i taket. Inte helt ov\u00e4ntat d\u00e5 det \u00e4r\u2026 <a class=\"continue-reading-link\" href=\"https:\/\/www.lfk.se\/?p=28370\">L\u00e4s mer<\/a><\/p>\n","protected":false},"author":2,"featured_media":0,"comment_status":"open","ping_status":"open","sticky":false,"template":"","format":"standard","meta":{"footnotes":""},"categories":[48],"tags":[96,97,155],"class_list":["post-28370","post","type-post","status-publish","format-standard","hentry","category-kontakten","tag-flytt","tag-hangar","tag-rivning"],"_links":{"self":[{"href":"https:\/\/www.lfk.se\/index.php?rest_route=\/wp\/v2\/posts\/28370","targetHints":{"allow":["GET"]}}],"collection":[{"href":"https:\/\/www.lfk.se\/index.php?rest_route=\/wp\/v2\/posts"}],"about":[{"href":"https:\/\/www.lfk.se\/index.php?rest_route=\/wp\/v2\/types\/post"}],"author":[{"embeddable":true,"href":"https:\/\/www.lfk.se\/index.php?rest_route=\/wp\/v2\/users\/2"}],"replies":[{"embeddable":true,"href":"https:\/\/www.lfk.se\/index.php?rest_route=%2Fwp%2Fv2%2Fcomments&post=28370"}],"version-history":[{"count":3,"href":"https:\/\/www.lfk.se\/index.php?rest_route=\/wp\/v2\/posts\/28370\/revisions"}],"predecessor-version":[{"id":36003,"href":"https:\/\/www.lfk.se\/index.php?rest_route=\/wp\/v2\/posts\/28370\/revisions\/36003"}],"wp:attachment":[{"href":"https:\/\/www.lfk.se\/index.php?rest_route=%2Fwp%2Fv2%2Fmedia&parent=28370"}],"wp:term":[{"taxonomy":"category","embeddable":true,"href":"https:\/\/www.lfk.se\/index.php?rest_route=%2Fwp%2Fv2%2Fcategories&post=28370"},{"taxonomy":"post_tag","embeddable":true,"href":"https:\/\/www.lfk.se\/index.php?rest_route=%2Fwp%2Fv2%2Ftags&post=28370"}],"curies":[{"name":"wp","href":"https:\/\/api.w.org\/{rel}","templated":true}]}}