{"id":30484,"date":"2015-01-30T21:08:18","date_gmt":"2015-01-30T20:08:18","guid":{"rendered":"http:\/\/www.lfk.se\/?p=30484"},"modified":"2015-01-30T21:08:18","modified_gmt":"2015-01-30T20:08:18","slug":"arbete-pagar","status":"publish","type":"post","link":"https:\/\/www.lfk.se\/?p=30484","title":{"rendered":"Arbete p\u00e5g\u00e5r"},"content":{"rendered":"<p><a href=\"http:\/\/www.lfk.se\/wp-content\/uploads\/2015\/01\/Namnl\u00f6s.jpg\"><img loading=\"lazy\" decoding=\"async\" class=\"alignleft size-medium wp-image-30485\" src=\"http:\/\/www.lfk.se\/wp-content\/uploads\/2015\/01\/Namnl\u00f6s-300x144.jpg\" alt=\"Namnl\u00f6s\" width=\"300\" height=\"144\" srcset=\"https:\/\/www.lfk.se\/wp-content\/uploads\/2015\/01\/Namnl\u00f6s-300x144.jpg 300w, https:\/\/www.lfk.se\/wp-content\/uploads\/2015\/01\/Namnl\u00f6s-250x120.jpg 250w, https:\/\/www.lfk.se\/wp-content\/uploads\/2015\/01\/Namnl\u00f6s-150x72.jpg 150w, https:\/\/www.lfk.se\/wp-content\/uploads\/2015\/01\/Namnl\u00f6s.jpg 999w\" sizes=\"auto, (max-width: 300px) 100vw, 300px\" \/><\/a>El och VVS \u00e4r nu inkopplat i det nya klubbhuset. I helgen kommer arbetet med att g\u00f6ra i ordning f\u00f6rsta delen av klubbhuset att starta upp. Det r\u00f6r sig om en v\u00e4gg f\u00f6r att g\u00f6ra en korridor mellan fikarummet och simulatordelen utan att beh\u00f6va g\u00e5 igenom klassrummet. Det \u00e4r ocks\u00e5 en d\u00f6rr som ska tas upp vid nya l\u00e4rarrummet samt en annan som ska s\u00e4ttas igen. Ta g\u00e4rna med er lite verktyg och hj\u00e4lp Jonna att f\u00e5 i ordning p\u00e5 klubbhuset s\u00e5 att det passar f\u00f6r utbildning.<\/p>\n<p>Simulatorn och g\u00e4strum \u00e4r saker som kommer att g\u00f6ras i senare etapper n\u00e4r vi f\u00e5r tid och r\u00e5d.<\/p>\n<p>Flytten har som vi har meddelat tidigare \u00e4tit upp stora delar av LFK kassa. Vi har d\u00e4rf\u00f6r kallat till ett extra medlemsm\u00f6te den 15\/2 d\u00e4r vi ska diskutera konsekvenser av detta. Bl.a. m\u00e5ste vi fundera p\u00e5 en ny strategi f\u00f6r att kunna finansiera den planerade f\u00f6rnyelsen av v\u00e5ra skolflygplan.<\/p>\n<p>Planerna p\u00e5 en terrass p\u00e5 taket kommer vi att f\u00e5 skjuta upp en tid fram\u00f6ver. Vi har f\u00e5tt en offert p\u00e5 ca 300.000 f\u00f6r att g\u00f6ra i ordning en parkering, men kommer att avvakta detta. Tills vidare f\u00e5r medlemmar och bes\u00f6kare parkera l\u00e4ngs med v\u00e4gen.<\/p>\n<p>Vi tittar p\u00e5 l\u00f6sningar f\u00f6r att f\u00e5 till en \u00e4ndring av staketet mot hangaromr\u00e5det samt en port in till bygglokalen. Segelflygsklubben \u00e4r mycket intresserad av att vara med och f\u00e5 ig\u00e5ng en l\u00f6sning f\u00f6r detta s\u00e5 att de kan arbeta med sina flygplan p\u00e5 vintrarna.<\/p>\n<p><a href=\"http:\/\/www.lfk.se\/wp-content\/uploads\/2014\/03\/02-Klubbhus-1943.jpg\"><img loading=\"lazy\" decoding=\"async\" class=\" size-medium wp-image-4087 alignright\" src=\"http:\/\/www.lfk.se\/wp-content\/uploads\/2014\/03\/02-Klubbhus-1943-300x230.jpg\" alt=\"02  Klubbhus 1943\" width=\"300\" height=\"230\" srcset=\"https:\/\/www.lfk.se\/wp-content\/uploads\/2014\/03\/02-Klubbhus-1943-300x230.jpg 300w, https:\/\/www.lfk.se\/wp-content\/uploads\/2014\/03\/02-Klubbhus-1943-195x150.jpg 195w, https:\/\/www.lfk.se\/wp-content\/uploads\/2014\/03\/02-Klubbhus-1943-150x115.jpg 150w, https:\/\/www.lfk.se\/wp-content\/uploads\/2014\/03\/02-Klubbhus-1943.jpg 646w\" sizes=\"auto, (max-width: 300px) 100vw, 300px\" \/><\/a>Ett mycket tufft beslut som vi har varit tvungna att ta ta \u00e4r att inte flytta med den s.k. &#8221;Rundeln&#8221; p\u00e5 det nuvarande klubbhuset. Detta \u00e4r en av de \u00e4ldsta delara av klubbhuset som varit med sedan b\u00f6rjan av 40-talet och som fr\u00e5n b\u00f6rjan stod inne p\u00e5 Saab flygprovavdelning. Vi ville flytta med den till nya klubbhuset f\u00f6r att bevara en del av v\u00e5r historia samt k\u00e4nsla fr\u00e5n det nuvarande klubbhus. Men har man inte pengar s\u00e5 f\u00e5r man tyv\u00e4rr g\u00f6ra avkall p\u00e5 s\u00e5dana planer. Nu kommer vi i st\u00e4llet att erbjuda er medlemmar att ta till vara p\u00e5 denna veranda i samband med att vi river det gamla klubbhuset i april.<\/p>\n<p>\u00c4ven om detta \u00e4r tuffa beslut s\u00e5 har vi i varje fall mycket snart ett mycket bra klubbhus och det \u00e4r upp till oss medlemmar att avg\u00f6ra hur det ska inredas och tas i drift. S\u00f6ndagen den 15\/2 s\u00e5 \u00e4r ni v\u00e4lkomna att titta p\u00e5 klubbhuset och diskutera v\u00e4gen fram\u00e5t! Sedan f\u00e5r vi bo in oss ett tag f\u00f6r att k\u00e4nna vilka behov vi har av att anpassa lokalerna ytterligare efter verksamheten.<\/p>\n","protected":false},"excerpt":{"rendered":"<p>El och VVS \u00e4r nu inkopplat i det nya klubbhuset. I helgen kommer arbetet med att g\u00f6ra i ordning f\u00f6rsta delen av klubbhuset att starta upp. Det r\u00f6r sig om en v\u00e4gg f\u00f6r att g\u00f6ra en korridor mellan fikarummet och simulatordelen utan att beh\u00f6va g\u00e5 igenom klassrummet. Det \u00e4r ocks\u00e5 en d\u00f6rr som ska tas upp vid nya l\u00e4rarrummet samt en annan som ska s\u00e4ttas igen. Ta g\u00e4rna med er lite verktyg och hj\u00e4lp Jonna att f\u00e5 i ordning p\u00e5 klubbhuset s\u00e5 att det passar f\u00f6r utbildning. Simulatorn och g\u00e4strum \u00e4r saker som kommer att g\u00f6ras i senare etapper n\u00e4r vi f\u00e5r tid och r\u00e5d. Flytten har som vi har meddelat tidigare \u00e4tit upp stora delar av LFK kassa. Vi har d\u00e4rf\u00f6r kallat till ett extra medlemsm\u00f6te den 15\/2 d\u00e4r vi ska diskutera konsekvenser av detta. Bl.a. m\u00e5ste vi fundera p\u00e5 en ny strategi f\u00f6r att kunna finansiera den planerade\u2026 <a class=\"continue-reading-link\" href=\"https:\/\/www.lfk.se\/?p=30484\">L\u00e4s mer<\/a><\/p>\n","protected":false},"author":2,"featured_media":0,"comment_status":"open","ping_status":"open","sticky":false,"template":"","format":"standard","meta":{"footnotes":""},"categories":[48],"tags":[96,46],"class_list":["post-30484","post","type-post","status-publish","format-standard","hentry","category-kontakten","tag-flytt","tag-klubbhus"],"_links":{"self":[{"href":"https:\/\/www.lfk.se\/index.php?rest_route=\/wp\/v2\/posts\/30484","targetHints":{"allow":["GET"]}}],"collection":[{"href":"https:\/\/www.lfk.se\/index.php?rest_route=\/wp\/v2\/posts"}],"about":[{"href":"https:\/\/www.lfk.se\/index.php?rest_route=\/wp\/v2\/types\/post"}],"author":[{"embeddable":true,"href":"https:\/\/www.lfk.se\/index.php?rest_route=\/wp\/v2\/users\/2"}],"replies":[{"embeddable":true,"href":"https:\/\/www.lfk.se\/index.php?rest_route=%2Fwp%2Fv2%2Fcomments&post=30484"}],"version-history":[{"count":1,"href":"https:\/\/www.lfk.se\/index.php?rest_route=\/wp\/v2\/posts\/30484\/revisions"}],"predecessor-version":[{"id":30486,"href":"https:\/\/www.lfk.se\/index.php?rest_route=\/wp\/v2\/posts\/30484\/revisions\/30486"}],"wp:attachment":[{"href":"https:\/\/www.lfk.se\/index.php?rest_route=%2Fwp%2Fv2%2Fmedia&parent=30484"}],"wp:term":[{"taxonomy":"category","embeddable":true,"href":"https:\/\/www.lfk.se\/index.php?rest_route=%2Fwp%2Fv2%2Fcategories&post=30484"},{"taxonomy":"post_tag","embeddable":true,"href":"https:\/\/www.lfk.se\/index.php?rest_route=%2Fwp%2Fv2%2Ftags&post=30484"}],"curies":[{"name":"wp","href":"https:\/\/api.w.org\/{rel}","templated":true}]}}