{"id":32165,"date":"2015-10-27T13:42:58","date_gmt":"2015-10-27T12:42:58","guid":{"rendered":"http:\/\/www.lfk.se\/?p=32165"},"modified":"2015-10-27T13:43:48","modified_gmt":"2015-10-27T12:43:48","slug":"grattis-draken","status":"publish","type":"post","link":"https:\/\/www.lfk.se\/?p=32165","title":{"rendered":"Grattis Draken!"},"content":{"rendered":"<p><a href=\"http:\/\/www.lfk.se\/wp-content\/uploads\/2015\/10\/saab-j-35-draken-4.gif\"><img loading=\"lazy\" decoding=\"async\" class=\"alignleft size-medium wp-image-32166\" src=\"http:\/\/www.lfk.se\/wp-content\/uploads\/2015\/10\/saab-j-35-draken-4-300x223.gif\" alt=\"saab-j-35-draken-4\" width=\"300\" height=\"223\" srcset=\"https:\/\/www.lfk.se\/wp-content\/uploads\/2015\/10\/saab-j-35-draken-4-300x223.gif 300w, https:\/\/www.lfk.se\/wp-content\/uploads\/2015\/10\/saab-j-35-draken-4-1024x763.gif 1024w, https:\/\/www.lfk.se\/wp-content\/uploads\/2015\/10\/saab-j-35-draken-4-201x150.gif 201w, https:\/\/www.lfk.se\/wp-content\/uploads\/2015\/10\/saab-j-35-draken-4-150x112.gif 150w\" sizes=\"auto, (max-width: 300px) 100vw, 300px\" \/><\/a>I helgen fyllde <a href=\"https:\/\/sv.wikipedia.org\/wiki\/Saab_35_Draken\">Saab 35 Draken <\/a>60 \u00e5r. Vid <a href=\"http:\/\/www.lfk.se\/?p=31952\">invigningen <\/a>av v\u00e5rt nya klubbhusomr\u00e5de och Saab Safir Fly-In s\u00e5 firades detta i f\u00f6rskott genom att <a href=\"http:\/\/swafhf.se\/\">Swedish Air Force Historical Flight <\/a>fl\u00f6g \u00f6ver &#8221;f\u00f6delseplatsen&#8221; med en SK 35C.<\/p>\n<p>Draken har ocks\u00e5 en s\u00e4rskild koppling till LFK d\u00e5 f\u00f6rste provflygaren, Bengt Olow, i m\u00e5nga \u00e5r var medlem och <a href=\"http:\/\/www.lfk.se\/wp-content\/uploads\/2014\/01\/Bilaga-1-LFK-styrelseledam\u00f6ter-1933-1982.pdf\">styrelseordf\u00f6rande <\/a>i LFK och chefsdesignern, Erik Bratt, i m\u00e5nga \u00e5r var medlem och styrelsemedlem i LFK.<\/p>\n<p>I LFK medlemmars regi s\u00e5 flyger <a href=\"http:\/\/www.lfk.se\/?p=31796\">Erik Bratts Jodel <\/a>fortfarande och vi f\u00f6rs\u00f6ker att komma ih\u00e5g att bjuda p\u00e5 fredag den 13:e t\u00e5rta, n\u00e5got som instiftades av Erik Bratt.<\/p>\n<p><iframe loading=\"lazy\" src=\"https:\/\/www.youtube.com\/embed\/LhCSSlfNJk8\" width=\"560\" height=\"315\" frameborder=\"0\" allowfullscreen=\"allowfullscreen\"><\/iframe><\/p>\n","protected":false},"excerpt":{"rendered":"<p>I helgen fyllde Saab 35 Draken 60 \u00e5r. Vid invigningen av v\u00e5rt nya klubbhusomr\u00e5de och Saab Safir Fly-In s\u00e5 firades detta i f\u00f6rskott genom att Swedish Air Force Historical Flight fl\u00f6g \u00f6ver &#8221;f\u00f6delseplatsen&#8221; med en SK 35C. Draken har ocks\u00e5 en s\u00e4rskild koppling till LFK d\u00e5 f\u00f6rste provflygaren, Bengt Olow, i m\u00e5nga \u00e5r var medlem och styrelseordf\u00f6rande i LFK och chefsdesignern, Erik Bratt, i m\u00e5nga \u00e5r var medlem och styrelsemedlem i LFK. I LFK medlemmars regi s\u00e5 flyger Erik Bratts Jodel fortfarande och vi f\u00f6rs\u00f6ker att komma ih\u00e5g att bjuda p\u00e5 fredag den 13:e t\u00e5rta, n\u00e5got som instiftades av Erik Bratt. <a class=\"continue-reading-link\" href=\"https:\/\/www.lfk.se\/?p=32165\">L\u00e4s mer<\/a><\/p>\n","protected":false},"author":2,"featured_media":0,"comment_status":"open","ping_status":"open","sticky":false,"template":"","format":"standard","meta":{"footnotes":""},"categories":[48],"tags":[38],"class_list":["post-32165","post","type-post","status-publish","format-standard","hentry","category-kontakten","tag-historia"],"_links":{"self":[{"href":"https:\/\/www.lfk.se\/index.php?rest_route=\/wp\/v2\/posts\/32165","targetHints":{"allow":["GET"]}}],"collection":[{"href":"https:\/\/www.lfk.se\/index.php?rest_route=\/wp\/v2\/posts"}],"about":[{"href":"https:\/\/www.lfk.se\/index.php?rest_route=\/wp\/v2\/types\/post"}],"author":[{"embeddable":true,"href":"https:\/\/www.lfk.se\/index.php?rest_route=\/wp\/v2\/users\/2"}],"replies":[{"embeddable":true,"href":"https:\/\/www.lfk.se\/index.php?rest_route=%2Fwp%2Fv2%2Fcomments&post=32165"}],"version-history":[{"count":2,"href":"https:\/\/www.lfk.se\/index.php?rest_route=\/wp\/v2\/posts\/32165\/revisions"}],"predecessor-version":[{"id":32168,"href":"https:\/\/www.lfk.se\/index.php?rest_route=\/wp\/v2\/posts\/32165\/revisions\/32168"}],"wp:attachment":[{"href":"https:\/\/www.lfk.se\/index.php?rest_route=%2Fwp%2Fv2%2Fmedia&parent=32165"}],"wp:term":[{"taxonomy":"category","embeddable":true,"href":"https:\/\/www.lfk.se\/index.php?rest_route=%2Fwp%2Fv2%2Fcategories&post=32165"},{"taxonomy":"post_tag","embeddable":true,"href":"https:\/\/www.lfk.se\/index.php?rest_route=%2Fwp%2Fv2%2Ftags&post=32165"}],"curies":[{"name":"wp","href":"https:\/\/api.w.org\/{rel}","templated":true}]}}