{"id":32183,"date":"2015-11-16T23:30:53","date_gmt":"2015-11-16T22:30:53","guid":{"rendered":"http:\/\/www.lfk.se\/?p=32183"},"modified":"2015-11-16T23:30:53","modified_gmt":"2015-11-16T22:30:53","slug":"cubbygget-har-startat-igen","status":"publish","type":"post","link":"https:\/\/www.lfk.se\/?p=32183","title":{"rendered":"Cubbygget har startat igen!"},"content":{"rendered":"<p><a href=\"http:\/\/www.lfk.se\/wp-content\/uploads\/2015\/11\/12232862_10208153600382437_6230592812141383520_o.jpg\"><img loading=\"lazy\" decoding=\"async\" class=\"alignleft size-medium wp-image-32184\" src=\"http:\/\/www.lfk.se\/wp-content\/uploads\/2015\/11\/12232862_10208153600382437_6230592812141383520_o-300x225.jpg\" alt=\"12232862_10208153600382437_6230592812141383520_o\" width=\"300\" height=\"225\" srcset=\"https:\/\/www.lfk.se\/wp-content\/uploads\/2015\/11\/12232862_10208153600382437_6230592812141383520_o-300x225.jpg 300w, https:\/\/www.lfk.se\/wp-content\/uploads\/2015\/11\/12232862_10208153600382437_6230592812141383520_o-1024x768.jpg 1024w, https:\/\/www.lfk.se\/wp-content\/uploads\/2015\/11\/12232862_10208153600382437_6230592812141383520_o-200x150.jpg 200w, https:\/\/www.lfk.se\/wp-content\/uploads\/2015\/11\/12232862_10208153600382437_6230592812141383520_o-150x113.jpg 150w, https:\/\/www.lfk.se\/wp-content\/uploads\/2015\/11\/12232862_10208153600382437_6230592812141383520_o.jpg 2048w\" sizes=\"auto, (max-width: 300px) 100vw, 300px\" \/><\/a>Efter att ha st\u00e5tt stilla i \u00f6ver ett \u00e5r s\u00e5 har SE-KEG projektet \u00e5ter startats upp! De senaste veckorna har projektmedlemmarna st\u00e4dat upp och iordningst\u00e4llt bygglokalen. Vingar och hyllor med delar har burits in fr\u00e5n hangaren och f\u00f6rr\u00e5dst\u00e4ltet och st\u00e4llt upp l\u00e4ngs v\u00e4ggarna. El har dragits in vid arbetsb\u00e4nkarna.<\/p>\n<p>Ikv\u00e4ll s\u00e5 b\u00f6rjade vi \u00e4ntligen p\u00e5 att arbeta p\u00e5 sj\u00e4lva flygplanet. <a href=\"http:\/\/www.lfk.se\/?p=28176\">Vingarna dukades f\u00f6rra \u00e5ret<\/a>, men nu \u00e4r det \u00e4ntligen dags att sy fast duken i spryglarna. Kv\u00e4llens arbete var d\u00e4rf\u00f6r att f\u00f6rst\u00e4rka duken ovanp\u00e5 varje sprygel s\u00e5 att s\u00f6mmarna inte skadar duken. Snart\u00a0ska de stora n\u00e5larna fram f\u00f6r att sy fast duken i spryglarna. Efter det s\u00e5 l\u00e4gger vi p\u00e5 skyddsremsor ovanp\u00e5 s\u00f6mmarna och f\u00e4ster alltihopa med dope.<\/p>\n<p>Nu v\u00e4ntar vi bara p\u00e5 att LFK och LFSK ska f\u00e5 till ett avtal f\u00f6r uthyrning av halva lokalen f\u00f6r vinterv\u00e5rd av segelflygplan. N\u00e4r det v\u00e4l \u00e4r klart s\u00e5 kommer LFSK att bl.a. ta upp ett h\u00e5l i v\u00e4ggen mot hangarerna d\u00e4r vi kan f\u00f6ra in och ut delar till v\u00e5ra byggen. Dessutom kommer rampen upp mot klubbhuset att f\u00f6rst\u00e4rkas och en fikaplats att byggas upp. <a href=\"http:\/\/www.lfk.se\/?p=32178\">Full aktivitet i klubbhuset<\/a> varje kv\u00e4ll med andra ord!<\/p>\n","protected":false},"excerpt":{"rendered":"<p>Efter att ha st\u00e5tt stilla i \u00f6ver ett \u00e5r s\u00e5 har SE-KEG projektet \u00e5ter startats upp! De senaste veckorna har projektmedlemmarna st\u00e4dat upp och iordningst\u00e4llt bygglokalen. Vingar och hyllor med delar har burits in fr\u00e5n hangaren och f\u00f6rr\u00e5dst\u00e4ltet och st\u00e4llt upp l\u00e4ngs v\u00e4ggarna. El har dragits in vid arbetsb\u00e4nkarna. Ikv\u00e4ll s\u00e5 b\u00f6rjade vi \u00e4ntligen p\u00e5 att arbeta p\u00e5 sj\u00e4lva flygplanet. Vingarna dukades f\u00f6rra \u00e5ret, men nu \u00e4r det \u00e4ntligen dags att sy fast duken i spryglarna. Kv\u00e4llens arbete var d\u00e4rf\u00f6r att f\u00f6rst\u00e4rka duken ovanp\u00e5 varje sprygel s\u00e5 att s\u00f6mmarna inte skadar duken. Snart\u00a0ska de stora n\u00e5larna fram f\u00f6r att sy fast duken i spryglarna. Efter det s\u00e5 l\u00e4gger vi p\u00e5 skyddsremsor ovanp\u00e5 s\u00f6mmarna och f\u00e4ster alltihopa med dope. Nu v\u00e4ntar vi bara p\u00e5 att LFK och LFSK ska f\u00e5 till ett avtal f\u00f6r uthyrning av halva lokalen f\u00f6r vinterv\u00e5rd av segelflygplan. N\u00e4r det v\u00e4l \u00e4r klart s\u00e5 kommer LFSK att\u2026 <a class=\"continue-reading-link\" href=\"https:\/\/www.lfk.se\/?p=32183\">L\u00e4s mer<\/a><\/p>\n","protected":false},"author":2,"featured_media":0,"comment_status":"open","ping_status":"open","sticky":false,"template":"","format":"standard","meta":{"footnotes":""},"categories":[115],"tags":[113,205],"class_list":["post-32183","post","type-post","status-publish","format-standard","hentry","category-se-keg","tag-cub","tag-projekt"],"_links":{"self":[{"href":"https:\/\/www.lfk.se\/index.php?rest_route=\/wp\/v2\/posts\/32183","targetHints":{"allow":["GET"]}}],"collection":[{"href":"https:\/\/www.lfk.se\/index.php?rest_route=\/wp\/v2\/posts"}],"about":[{"href":"https:\/\/www.lfk.se\/index.php?rest_route=\/wp\/v2\/types\/post"}],"author":[{"embeddable":true,"href":"https:\/\/www.lfk.se\/index.php?rest_route=\/wp\/v2\/users\/2"}],"replies":[{"embeddable":true,"href":"https:\/\/www.lfk.se\/index.php?rest_route=%2Fwp%2Fv2%2Fcomments&post=32183"}],"version-history":[{"count":1,"href":"https:\/\/www.lfk.se\/index.php?rest_route=\/wp\/v2\/posts\/32183\/revisions"}],"predecessor-version":[{"id":32185,"href":"https:\/\/www.lfk.se\/index.php?rest_route=\/wp\/v2\/posts\/32183\/revisions\/32185"}],"wp:attachment":[{"href":"https:\/\/www.lfk.se\/index.php?rest_route=%2Fwp%2Fv2%2Fmedia&parent=32183"}],"wp:term":[{"taxonomy":"category","embeddable":true,"href":"https:\/\/www.lfk.se\/index.php?rest_route=%2Fwp%2Fv2%2Fcategories&post=32183"},{"taxonomy":"post_tag","embeddable":true,"href":"https:\/\/www.lfk.se\/index.php?rest_route=%2Fwp%2Fv2%2Ftags&post=32183"}],"curies":[{"name":"wp","href":"https:\/\/api.w.org\/{rel}","templated":true}]}}