{"id":34529,"date":"2017-08-25T21:19:34","date_gmt":"2017-08-25T19:19:34","guid":{"rendered":"http:\/\/www.lfk.se\/?p=34529"},"modified":"2017-08-27T22:23:03","modified_gmt":"2017-08-27T20:23:03","slug":"sm-dag-1","status":"publish","type":"post","link":"https:\/\/www.lfk.se\/?p=34529","title":{"rendered":"SM dag 1 (uppdaterad)"},"content":{"rendered":"<p><a href=\"http:\/\/www.lfk.se\/wp-content\/uploads\/2017\/08\/21105548_10213901585118463_1519916382703482373_n.jpg\"><img loading=\"lazy\" decoding=\"async\" class=\"alignleft size-medium wp-image-34530\" src=\"http:\/\/www.lfk.se\/wp-content\/uploads\/2017\/08\/21105548_10213901585118463_1519916382703482373_n-225x300.jpg\" alt=\"\" width=\"225\" height=\"300\" srcset=\"https:\/\/www.lfk.se\/wp-content\/uploads\/2017\/08\/21105548_10213901585118463_1519916382703482373_n-225x300.jpg 225w, https:\/\/www.lfk.se\/wp-content\/uploads\/2017\/08\/21105548_10213901585118463_1519916382703482373_n-113x150.jpg 113w, https:\/\/www.lfk.se\/wp-content\/uploads\/2017\/08\/21105548_10213901585118463_1519916382703482373_n.jpg 720w\" sizes=\"auto, (max-width: 225px) 100vw, 225px\" \/><\/a>V\u00e4dergudarna valde att inte visa sig p\u00e5 sin b\u00e4sta sida n\u00e4r SM i Precisionsflygning och Civil Flygfemkamp p\u00e5b\u00f6rjades i Link\u00f6ping. L\u00e5ga moln och regn resulterade i att det planerade navigeringsmomentet genomf\u00f6rs f\u00f6rst i morgon. I st\u00e4llet s\u00e5 inleddes dagen med simning och punktorientering d\u00e5 v\u00e4dret var f\u00f6r d\u00e5ligt f\u00f6r flygning.<\/p>\n<p>Efter lunch hade regnet avtagit och molnbasen h\u00f6jt sig. De t\u00e4vlande samlades vid 13.30 f\u00f6r genomg\u00e5ng inf\u00f6r precisionslandningarna. T\u00e4vlingen genomf\u00f6rdes sedan i grupper av tre flygplan d\u00e4r grupperna f\u00f6rst gjorde ett pass med den f\u00f6rsta motorlandningen f\u00f6ljt av en bed\u00f6mningslandning. Sedan startade n\u00e4sta grupp. Totalt blev det sju grupper. N\u00e4r alla flugit ett pass s\u00e5 genomf\u00f6rdes pass nummer tv\u00e5 med en bed\u00f6mningslandning utan klaff och avslutningsvis en motorlandning utan klaff.<\/p>\n<p>Allt fl\u00f6t p\u00e5 mycket bra med endast ett kort uppeh\u00e5ll p.g.a. civil trafikflyg som skulle landa. Corren 24 kom f\u00f6rbi och intervjuade oss. Fotografen fick \u00e4ven prova p\u00e5 att precisionslanda i klubbens DA-20. Vi f\u00e5r se n\u00e4r reportaget finns tillg\u00e4ngligt p\u00e5 n\u00e4tet.<\/p>\n<p>P\u00e5 eftermiddagen br\u00f6t solen igenom molnt\u00e4cket och det k\u00e4ndes sk\u00f6nt att st\u00e5 ute p\u00e5 f\u00e4ltet och titta p\u00e5 t\u00e4vlingen. T.o.m. ett par bes\u00f6kare d\u00f6k upp f\u00f6r att titta p\u00e5 t\u00e4vlingen trots att den officiella bes\u00f6ksdagen intr\u00e4ffar f\u00f6rst i morgon.<\/p>\n<p>Kv\u00e4llen avslutades med grillning och f\u00f6rberedelser inf\u00f6r morgondagen. D\u00e5 forts\u00e4tter t\u00e4vlingen med navigering och avslutningsvis l\u00f6pning med jaktstart. Under dagen kommer vi ocks\u00e5 att f\u00f6rbereda kv\u00e4llens hangarfest!<\/p>\n<p><strong>Uppdaterad 17-08-27, 22:22<\/strong><\/p>\n<p>H\u00e4r \u00e4r en <a href=\"http:\/\/www.corren.se\/24corren\/?clip=om4788160\">l\u00e4nk till Correns reportage<\/a>.<\/p>\n","protected":false},"excerpt":{"rendered":"<p>V\u00e4dergudarna valde att inte visa sig p\u00e5 sin b\u00e4sta sida n\u00e4r SM i Precisionsflygning och Civil Flygfemkamp p\u00e5b\u00f6rjades i Link\u00f6ping. L\u00e5ga moln och regn resulterade i att det planerade navigeringsmomentet genomf\u00f6rs f\u00f6rst i morgon. I st\u00e4llet s\u00e5 inleddes dagen med simning och punktorientering d\u00e5 v\u00e4dret var f\u00f6r d\u00e5ligt f\u00f6r flygning. Efter lunch hade regnet avtagit och molnbasen h\u00f6jt sig. De t\u00e4vlande samlades vid 13.30 f\u00f6r genomg\u00e5ng inf\u00f6r precisionslandningarna. T\u00e4vlingen genomf\u00f6rdes sedan i grupper av tre flygplan d\u00e4r grupperna f\u00f6rst gjorde ett pass med den f\u00f6rsta motorlandningen f\u00f6ljt av en bed\u00f6mningslandning. Sedan startade n\u00e4sta grupp. Totalt blev det sju grupper. N\u00e4r alla flugit ett pass s\u00e5 genomf\u00f6rdes pass nummer tv\u00e5 med en bed\u00f6mningslandning utan klaff och avslutningsvis en motorlandning utan klaff. Allt fl\u00f6t p\u00e5 mycket bra med endast ett kort uppeh\u00e5ll p.g.a. civil trafikflyg som skulle landa. Corren 24 kom f\u00f6rbi och intervjuade oss. Fotografen fick \u00e4ven prova p\u00e5 att precisionslanda\u2026 <a class=\"continue-reading-link\" href=\"https:\/\/www.lfk.se\/?p=34529\">L\u00e4s mer<\/a><\/p>\n","protected":false},"author":2,"featured_media":0,"comment_status":"open","ping_status":"open","sticky":false,"template":"","format":"standard","meta":{"footnotes":""},"categories":[48],"tags":[243,223,80,87],"class_list":["post-34529","post","type-post","status-publish","format-standard","hentry","category-kontakten","tag-243","tag-precision","tag-sm","tag-tavling"],"_links":{"self":[{"href":"https:\/\/www.lfk.se\/index.php?rest_route=\/wp\/v2\/posts\/34529","targetHints":{"allow":["GET"]}}],"collection":[{"href":"https:\/\/www.lfk.se\/index.php?rest_route=\/wp\/v2\/posts"}],"about":[{"href":"https:\/\/www.lfk.se\/index.php?rest_route=\/wp\/v2\/types\/post"}],"author":[{"embeddable":true,"href":"https:\/\/www.lfk.se\/index.php?rest_route=\/wp\/v2\/users\/2"}],"replies":[{"embeddable":true,"href":"https:\/\/www.lfk.se\/index.php?rest_route=%2Fwp%2Fv2%2Fcomments&post=34529"}],"version-history":[{"count":2,"href":"https:\/\/www.lfk.se\/index.php?rest_route=\/wp\/v2\/posts\/34529\/revisions"}],"predecessor-version":[{"id":34538,"href":"https:\/\/www.lfk.se\/index.php?rest_route=\/wp\/v2\/posts\/34529\/revisions\/34538"}],"wp:attachment":[{"href":"https:\/\/www.lfk.se\/index.php?rest_route=%2Fwp%2Fv2%2Fmedia&parent=34529"}],"wp:term":[{"taxonomy":"category","embeddable":true,"href":"https:\/\/www.lfk.se\/index.php?rest_route=%2Fwp%2Fv2%2Fcategories&post=34529"},{"taxonomy":"post_tag","embeddable":true,"href":"https:\/\/www.lfk.se\/index.php?rest_route=%2Fwp%2Fv2%2Ftags&post=34529"}],"curies":[{"name":"wp","href":"https:\/\/api.w.org\/{rel}","templated":true}]}}