{"id":34644,"date":"2017-11-30T20:22:18","date_gmt":"2017-11-30T19:22:18","guid":{"rendered":"http:\/\/www.lfk.se\/?p=34644"},"modified":"2017-11-30T20:22:18","modified_gmt":"2017-11-30T19:22:18","slug":"lazarus-res-dig-upp-och-flyg","status":"publish","type":"post","link":"https:\/\/www.lfk.se\/?p=34644","title":{"rendered":"Lazarus, res dig upp och flyg!"},"content":{"rendered":"<p><a href=\"http:\/\/www.lfk.se\/wp-content\/uploads\/2017\/11\/23916037_10214682136631763_8196391230932559698_n.jpg\"><img loading=\"lazy\" decoding=\"async\" class=\"alignleft size-medium wp-image-34645\" src=\"http:\/\/www.lfk.se\/wp-content\/uploads\/2017\/11\/23916037_10214682136631763_8196391230932559698_n-300x225.jpg\" alt=\"\" width=\"300\" height=\"225\" srcset=\"https:\/\/www.lfk.se\/wp-content\/uploads\/2017\/11\/23916037_10214682136631763_8196391230932559698_n-300x225.jpg 300w, https:\/\/www.lfk.se\/wp-content\/uploads\/2017\/11\/23916037_10214682136631763_8196391230932559698_n-768x576.jpg 768w, https:\/\/www.lfk.se\/wp-content\/uploads\/2017\/11\/23916037_10214682136631763_8196391230932559698_n-200x150.jpg 200w, https:\/\/www.lfk.se\/wp-content\/uploads\/2017\/11\/23916037_10214682136631763_8196391230932559698_n-150x113.jpg 150w, https:\/\/www.lfk.se\/wp-content\/uploads\/2017\/11\/23916037_10214682136631763_8196391230932559698_n.jpg 960w\" sizes=\"auto, (max-width: 300px) 100vw, 300px\" \/><\/a>Klubbens Cubprojekt <a href=\"http:\/\/www.lfk.se\/?cat=115\">SE-KEG<\/a>, har st\u00e5tt still ett tag. Vingar och roder har dukats om, men inte m\u00e5lats \u00e4nnu. Skrov och vingar har sedan dess st\u00e5tt i hangaren och i st\u00e4llet har Jungmannprojektet f\u00e5tt l\u00e5na bygglokalen mot att de byggde en m\u00e5larbod som Cubprojektet skulle kunna dra nytta av.<\/p>\n<p>Nu har klubben \u00e4ntligen f\u00e5tt tag p\u00e5 n\u00e5gon som \u00e4r villig att driva projektet igen. Det \u00e4r Lars Theodorsson som tar kommandot!<\/p>\n<p>Ig\u00e5r kv\u00e4ll s\u00e5 b\u00f6rjade klubbmedlemmarna att g\u00f6ra ordning i bygglokalen. M\u00e5larboden demonterades och st\u00e4lldes in i byggf\u00f6rr\u00e5det. F\u00f6rr\u00e5dsutrymmet d\u00e4r vi f\u00f6rvarat delarna till Cuben st\u00e4dades ur och vi b\u00f6rjade montera upp hyllor f\u00f6r att b\u00e4ttre kunna f\u00f6rvara delarna.<\/p>\n<p>Sedan s\u00e5 knuffades SE-KEG in i v\u00e4rmen igen. Nu b\u00f6rjar renoveringsarbetet. Avdukning av skrov st\u00e5r p\u00e5 schemat. Sedan ska det inspekteras, sprickunders\u00f6kas, grundm\u00e5las och dukas p\u00e5 nytt. Ny Cubgul f\u00e4rg ska m\u00e5las p\u00e5 skrov och vingar. Ny radio och ny transponder ska monteras in och till sist ska alla delar s\u00e4ttas ihop igen till ett fungerande flygplan.<\/p>\n<p>De som \u00e4r villiga att st\u00e4lla upp i renoveringsarbetet samlas p\u00e5 klubben onsdagskv\u00e4llar 18.00. V\u00e4lkomna!<\/p>\n<p><strong>P.S:<\/strong> Om ni vill flyga in er p\u00e5 sporrhjul, eller bara fr\u00e4scha upp gamla kunskaper s\u00e5 finns det m\u00f6jlighet att hyra in LFSK Supercub SE-GCM f\u00f6r skolning via LFK. GCM tillbringar vintrarna i v\u00e5r hangar och somrarna p\u00e5 Finsp\u00e5ngf\u00e4ltet. N\u00e4r man sedan \u00e4r influgen s\u00e5 g\u00e5r det att hyra SE-GCM genom att bli medlem i LFSK f\u00f6r att friflyga och bygga upp kunskap f\u00f6r att sedan kanske bli bogserf\u00f6rare \u00e5t LFSK.<\/p>\n","protected":false},"excerpt":{"rendered":"<p>Klubbens Cubprojekt SE-KEG, har st\u00e5tt still ett tag. Vingar och roder har dukats om, men inte m\u00e5lats \u00e4nnu. Skrov och vingar har sedan dess st\u00e5tt i hangaren och i st\u00e4llet har Jungmannprojektet f\u00e5tt l\u00e5na bygglokalen mot att de byggde en m\u00e5larbod som Cubprojektet skulle kunna dra nytta av. Nu har klubben \u00e4ntligen f\u00e5tt tag p\u00e5 n\u00e5gon som \u00e4r villig att driva projektet igen. Det \u00e4r Lars Theodorsson som tar kommandot! Ig\u00e5r kv\u00e4ll s\u00e5 b\u00f6rjade klubbmedlemmarna att g\u00f6ra ordning i bygglokalen. M\u00e5larboden demonterades och st\u00e4lldes in i byggf\u00f6rr\u00e5det. F\u00f6rr\u00e5dsutrymmet d\u00e4r vi f\u00f6rvarat delarna till Cuben st\u00e4dades ur och vi b\u00f6rjade montera upp hyllor f\u00f6r att b\u00e4ttre kunna f\u00f6rvara delarna. Sedan s\u00e5 knuffades SE-KEG in i v\u00e4rmen igen. Nu b\u00f6rjar renoveringsarbetet. Avdukning av skrov st\u00e5r p\u00e5 schemat. Sedan ska det inspekteras, sprickunders\u00f6kas, grundm\u00e5las och dukas p\u00e5 nytt. Ny Cubgul f\u00e4rg ska m\u00e5las p\u00e5 skrov och vingar. Ny radio och ny transponder ska\u2026 <a class=\"continue-reading-link\" href=\"https:\/\/www.lfk.se\/?p=34644\">L\u00e4s mer<\/a><\/p>\n","protected":false},"author":2,"featured_media":0,"comment_status":"open","ping_status":"open","sticky":false,"template":"","format":"standard","meta":{"footnotes":""},"categories":[115],"tags":[113,259,199],"class_list":["post-34644","post","type-post","status-publish","format-standard","hentry","category-se-keg","tag-cub","tag-renovering","tag-se-keg"],"_links":{"self":[{"href":"https:\/\/www.lfk.se\/index.php?rest_route=\/wp\/v2\/posts\/34644","targetHints":{"allow":["GET"]}}],"collection":[{"href":"https:\/\/www.lfk.se\/index.php?rest_route=\/wp\/v2\/posts"}],"about":[{"href":"https:\/\/www.lfk.se\/index.php?rest_route=\/wp\/v2\/types\/post"}],"author":[{"embeddable":true,"href":"https:\/\/www.lfk.se\/index.php?rest_route=\/wp\/v2\/users\/2"}],"replies":[{"embeddable":true,"href":"https:\/\/www.lfk.se\/index.php?rest_route=%2Fwp%2Fv2%2Fcomments&post=34644"}],"version-history":[{"count":1,"href":"https:\/\/www.lfk.se\/index.php?rest_route=\/wp\/v2\/posts\/34644\/revisions"}],"predecessor-version":[{"id":34646,"href":"https:\/\/www.lfk.se\/index.php?rest_route=\/wp\/v2\/posts\/34644\/revisions\/34646"}],"wp:attachment":[{"href":"https:\/\/www.lfk.se\/index.php?rest_route=%2Fwp%2Fv2%2Fmedia&parent=34644"}],"wp:term":[{"taxonomy":"category","embeddable":true,"href":"https:\/\/www.lfk.se\/index.php?rest_route=%2Fwp%2Fv2%2Fcategories&post=34644"},{"taxonomy":"post_tag","embeddable":true,"href":"https:\/\/www.lfk.se\/index.php?rest_route=%2Fwp%2Fv2%2Ftags&post=34644"}],"curies":[{"name":"wp","href":"https:\/\/api.w.org\/{rel}","templated":true}]}}