{"id":34920,"date":"2018-06-14T19:26:27","date_gmt":"2018-06-14T17:26:27","guid":{"rendered":"http:\/\/www.lfk.se\/?p=34920"},"modified":"2018-06-14T20:29:48","modified_gmt":"2018-06-14T18:29:48","slug":"kand-fran-bio","status":"publish","type":"post","link":"https:\/\/www.lfk.se\/?p=34920","title":{"rendered":"K\u00e4nd fr\u00e5n Bio!"},"content":{"rendered":"<p><a href=\"http:\/\/www.lfk.se\/wp-content\/uploads\/2018\/06\/13600128_10155135586829741_6016086778795797070_n.jpg\"><img loading=\"lazy\" decoding=\"async\" class=\"alignleft size-medium wp-image-34921\" src=\"http:\/\/www.lfk.se\/wp-content\/uploads\/2018\/06\/13600128_10155135586829741_6016086778795797070_n-300x225.jpg\" alt=\"\" width=\"300\" height=\"225\" srcset=\"https:\/\/www.lfk.se\/wp-content\/uploads\/2018\/06\/13600128_10155135586829741_6016086778795797070_n-300x225.jpg 300w, https:\/\/www.lfk.se\/wp-content\/uploads\/2018\/06\/13600128_10155135586829741_6016086778795797070_n-768x576.jpg 768w, https:\/\/www.lfk.se\/wp-content\/uploads\/2018\/06\/13600128_10155135586829741_6016086778795797070_n-200x150.jpg 200w, https:\/\/www.lfk.se\/wp-content\/uploads\/2018\/06\/13600128_10155135586829741_6016086778795797070_n-150x113.jpg 150w, https:\/\/www.lfk.se\/wp-content\/uploads\/2018\/06\/13600128_10155135586829741_6016086778795797070_n.jpg 960w\" sizes=\"auto, (max-width: 300px) 100vw, 300px\" \/><\/a>Den 20 juni s\u00e5 har filmen &#8221;<a href=\"https:\/\/www.moviezine.se\/movies\/den-blomstertid-nu-kommer\">Den blomstertid nu kommer<\/a>&#8221;. Den \u00e4r intressant av m\u00e5nga olika sk\u00e4l. Dels s\u00e5 \u00e4r det en svensk actionrulle, dels s\u00e5 \u00e4r den inspelad av ett filmbolag i Norrk\u00f6ping, men framf\u00f6r allt s\u00e5 \u00e4r LFK med!<\/p>\n<p>V\u00e5r skolchef Jonna, v\u00e5r motorflygchef Per och v\u00e5r flygalltiallo Gert deltar. Men den viktigaste rollen spelas av SE-KIT! (SE-IUD deltar p\u00e5 andra sidan kameran som fotoflygplan.)<\/p>\n<p>Resultatet d\u00e5? Ja det f\u00e5r vi se mycket snart och LFK akt\u00f6rer f\u00e5r se den redan p\u00e5 premi\u00e4rvisningen p\u00e5 m\u00e5ndag. SE-KIT var dock inte inbjuden och hade nog inte g\u00e5tt in i biografen! \ud83d\ude42 Jonna, Per och Gert skriver nog g\u00e4rna autografer under galapremi\u00e4ren p\u00e5 r\u00f6da mattan in till biografen&#8230;.<\/p>\n<p><iframe loading=\"lazy\" src=\"https:\/\/www.youtube.com\/embed\/Ge1gLa60lAY\" width=\"560\" height=\"315\" frameborder=\"0\" allowfullscreen=\"allowfullscreen\"><\/iframe><\/p>\n","protected":false},"excerpt":{"rendered":"<p>Den 20 juni s\u00e5 har filmen &#8221;Den blomstertid nu kommer&#8221;. Den \u00e4r intressant av m\u00e5nga olika sk\u00e4l. Dels s\u00e5 \u00e4r det en svensk actionrulle, dels s\u00e5 \u00e4r den inspelad av ett filmbolag i Norrk\u00f6ping, men framf\u00f6r allt s\u00e5 \u00e4r LFK med! V\u00e5r skolchef Jonna, v\u00e5r motorflygchef Per och v\u00e5r flygalltiallo Gert deltar. Men den viktigaste rollen spelas av SE-KIT! (SE-IUD deltar p\u00e5 andra sidan kameran som fotoflygplan.) Resultatet d\u00e5? Ja det f\u00e5r vi se mycket snart och LFK akt\u00f6rer f\u00e5r se den redan p\u00e5 premi\u00e4rvisningen p\u00e5 m\u00e5ndag. SE-KIT var dock inte inbjuden och hade nog inte g\u00e5tt in i biografen! \ud83d\ude42 Jonna, Per och Gert skriver nog g\u00e4rna autografer under galapremi\u00e4ren p\u00e5 r\u00f6da mattan in till biografen&#8230;. <a class=\"continue-reading-link\" href=\"https:\/\/www.lfk.se\/?p=34920\">L\u00e4s mer<\/a><\/p>\n","protected":false},"author":2,"featured_media":0,"comment_status":"open","ping_status":"open","sticky":false,"template":"","format":"standard","meta":{"footnotes":""},"categories":[48],"tags":[7,21,53],"class_list":["post-34920","post","type-post","status-publish","format-standard","hentry","category-kontakten","tag-bio","tag-film","tag-lfk"],"_links":{"self":[{"href":"https:\/\/www.lfk.se\/index.php?rest_route=\/wp\/v2\/posts\/34920","targetHints":{"allow":["GET"]}}],"collection":[{"href":"https:\/\/www.lfk.se\/index.php?rest_route=\/wp\/v2\/posts"}],"about":[{"href":"https:\/\/www.lfk.se\/index.php?rest_route=\/wp\/v2\/types\/post"}],"author":[{"embeddable":true,"href":"https:\/\/www.lfk.se\/index.php?rest_route=\/wp\/v2\/users\/2"}],"replies":[{"embeddable":true,"href":"https:\/\/www.lfk.se\/index.php?rest_route=%2Fwp%2Fv2%2Fcomments&post=34920"}],"version-history":[{"count":2,"href":"https:\/\/www.lfk.se\/index.php?rest_route=\/wp\/v2\/posts\/34920\/revisions"}],"predecessor-version":[{"id":34923,"href":"https:\/\/www.lfk.se\/index.php?rest_route=\/wp\/v2\/posts\/34920\/revisions\/34923"}],"wp:attachment":[{"href":"https:\/\/www.lfk.se\/index.php?rest_route=%2Fwp%2Fv2%2Fmedia&parent=34920"}],"wp:term":[{"taxonomy":"category","embeddable":true,"href":"https:\/\/www.lfk.se\/index.php?rest_route=%2Fwp%2Fv2%2Fcategories&post=34920"},{"taxonomy":"post_tag","embeddable":true,"href":"https:\/\/www.lfk.se\/index.php?rest_route=%2Fwp%2Fv2%2Ftags&post=34920"}],"curies":[{"name":"wp","href":"https:\/\/api.w.org\/{rel}","templated":true}]}}