{"id":34939,"date":"2018-07-14T15:28:37","date_gmt":"2018-07-14T13:28:37","guid":{"rendered":"http:\/\/www.lfk.se\/?p=34939"},"modified":"2018-07-14T18:36:48","modified_gmt":"2018-07-14T16:36:48","slug":"sommarlager-pa-essl","status":"publish","type":"post","link":"https:\/\/www.lfk.se\/?p=34939","title":{"rendered":"Sommarl\u00e4ger p\u00e5 ESSL"},"content":{"rendered":"<p><a href=\"http:\/\/www.lfk.se\/wp-content\/uploads\/2018\/07\/IMG_2878.jpg\"><img loading=\"lazy\" decoding=\"async\" class=\"alignleft size-medium wp-image-34940\" src=\"http:\/\/www.lfk.se\/wp-content\/uploads\/2018\/07\/IMG_2878-300x225.jpg\" alt=\"\" width=\"300\" height=\"225\" srcset=\"https:\/\/www.lfk.se\/wp-content\/uploads\/2018\/07\/IMG_2878-300x225.jpg 300w, https:\/\/www.lfk.se\/wp-content\/uploads\/2018\/07\/IMG_2878-200x150.jpg 200w, https:\/\/www.lfk.se\/wp-content\/uploads\/2018\/07\/IMG_2878-150x113.jpg 150w, https:\/\/www.lfk.se\/wp-content\/uploads\/2018\/07\/IMG_2878.jpg 640w\" sizes=\"auto, (max-width: 300px) 100vw, 300px\" \/><\/a>LFK samarbetar sedan en tid med <a href=\"http:\/\/www.lfk.se\/?p=34897\">FFK Young Pilots<\/a>. Under sommaren s\u00e5 genomf\u00f6r <a href=\"https:\/\/www.forsvarsmakten.se\/sv\/organisation\/helikopterflottiljen\/ungdomsverksamhet-i-ostergotland\/sommarkurs-for-ungdomar-pa-malmlen\/\">F\u00f6rsvarsmakten ungdomsl\u00e4ger<\/a> runt omkring i Sverige. Ett av dessa h\u00f6lls i Link\u00f6ping p\u00e5 Helikopterflottiljen. En av aktiviteterna f\u00f6r ungdomarna var givetvis att f\u00e5 pr\u00f6va p\u00e5 flygning. <a href=\"http:\/\/www.lfk.se\/?p=34562\">Hemv\u00e4rnsflyggruppe<\/a>n p\u00e5 Helikopterflottiljen st\u00f6ttade med piloter som fl\u00f6g LFK PA-28:or.<\/p>\n<p>Ungdomarna delades upp i tv\u00e5 grupper. En p\u00e5 l\u00f6rdag och en p\u00e5 s\u00f6ndag. N\u00e4r ungdomarna kom till LFK s\u00e5 fylldes klubbhuset med gr\u00f6nkl\u00e4dda personer. F\u00f6rst fick de en allm\u00e4n genomg\u00e5ng om klubben och om FFK hemv\u00e4rnsflyg. Sedan fick de teoretiska lektioner i v\u00e4derplanering och navigering.<\/p>\n<p><a href=\"http:\/\/www.lfk.se\/wp-content\/uploads\/2018\/07\/IMG_2882-2.jpg\"><img loading=\"lazy\" decoding=\"async\" class=\"alignright size-medium wp-image-34946\" src=\"http:\/\/www.lfk.se\/wp-content\/uploads\/2018\/07\/IMG_2882-2-300x225.jpg\" alt=\"\" width=\"300\" height=\"225\" srcset=\"https:\/\/www.lfk.se\/wp-content\/uploads\/2018\/07\/IMG_2882-2-300x225.jpg 300w, https:\/\/www.lfk.se\/wp-content\/uploads\/2018\/07\/IMG_2882-2-200x150.jpg 200w, https:\/\/www.lfk.se\/wp-content\/uploads\/2018\/07\/IMG_2882-2-150x113.jpg 150w, https:\/\/www.lfk.se\/wp-content\/uploads\/2018\/07\/IMG_2882-2.jpg 640w\" sizes=\"auto, (max-width: 300px) 100vw, 300px\" \/><\/a>Under eftermiddagarna s\u00e5 genomf\u00f6rdes flygpassen d\u00e4r ungdomarna fick pr\u00f6va p\u00e5 hur man praktiskt navigerar samt k\u00e4nna lite p\u00e5 hur man flyger ett mindre flygplan. Rundan var p\u00e5 ca 30 minuter med start p\u00e5 Saab-f\u00e4ltet, ner till \u00c5tvidaberg, vidare till Rimforsa och tillbaka till Saab. Vi hittade runt alla passen!<\/p>\n<p>Flygningarna gick bra och vi piloter tipsade ungdomarna att kontakta <a href=\"http:\/\/www.lfk.se\/?p=34872\">Young Pilots i \u00d6sterg\u00f6tland<\/a> om de vill forts\u00e4tta med flygning. N\u00e4sta \u00e5r blir det f\u00f6rhoppningsvis nya kurser, s\u00e5 f\u00f6r de ungdomar som inte fick m\u00f6jlighet att deltaga i \u00e5r s\u00e5 finns det nya chanser.<\/p>\n<p>&nbsp;<\/p>\n","protected":false},"excerpt":{"rendered":"<p>LFK samarbetar sedan en tid med FFK Young Pilots. Under sommaren s\u00e5 genomf\u00f6r F\u00f6rsvarsmakten ungdomsl\u00e4ger runt omkring i Sverige. Ett av dessa h\u00f6lls i Link\u00f6ping p\u00e5 Helikopterflottiljen. En av aktiviteterna f\u00f6r ungdomarna var givetvis att f\u00e5 pr\u00f6va p\u00e5 flygning. Hemv\u00e4rnsflyggruppen p\u00e5 Helikopterflottiljen st\u00f6ttade med piloter som fl\u00f6g LFK PA-28:or. Ungdomarna delades upp i tv\u00e5 grupper. En p\u00e5 l\u00f6rdag och en p\u00e5 s\u00f6ndag. N\u00e4r ungdomarna kom till LFK s\u00e5 fylldes klubbhuset med gr\u00f6nkl\u00e4dda personer. F\u00f6rst fick de en allm\u00e4n genomg\u00e5ng om klubben och om FFK hemv\u00e4rnsflyg. Sedan fick de teoretiska lektioner i v\u00e4derplanering och navigering. Under eftermiddagarna s\u00e5 genomf\u00f6rdes flygpassen d\u00e4r ungdomarna fick pr\u00f6va p\u00e5 hur man praktiskt navigerar samt k\u00e4nna lite p\u00e5 hur man flyger ett mindre flygplan. Rundan var p\u00e5 ca 30 minuter med start p\u00e5 Saab-f\u00e4ltet, ner till \u00c5tvidaberg, vidare till Rimforsa och tillbaka till Saab. Vi hittade runt alla passen! Flygningarna gick bra och vi piloter tipsade\u2026 <a class=\"continue-reading-link\" href=\"https:\/\/www.lfk.se\/?p=34939\">L\u00e4s mer<\/a><\/p>\n","protected":false},"author":2,"featured_media":0,"comment_status":"open","ping_status":"open","sticky":false,"template":"","format":"standard","meta":{"footnotes":""},"categories":[48],"tags":[267,129,270,189],"class_list":["post-34939","post","type-post","status-publish","format-standard","hentry","category-kontakten","tag-267","tag-flygvapnet","tag-sommarkurs","tag-ungdom"],"_links":{"self":[{"href":"https:\/\/www.lfk.se\/index.php?rest_route=\/wp\/v2\/posts\/34939","targetHints":{"allow":["GET"]}}],"collection":[{"href":"https:\/\/www.lfk.se\/index.php?rest_route=\/wp\/v2\/posts"}],"about":[{"href":"https:\/\/www.lfk.se\/index.php?rest_route=\/wp\/v2\/types\/post"}],"author":[{"embeddable":true,"href":"https:\/\/www.lfk.se\/index.php?rest_route=\/wp\/v2\/users\/2"}],"replies":[{"embeddable":true,"href":"https:\/\/www.lfk.se\/index.php?rest_route=%2Fwp%2Fv2%2Fcomments&post=34939"}],"version-history":[{"count":3,"href":"https:\/\/www.lfk.se\/index.php?rest_route=\/wp\/v2\/posts\/34939\/revisions"}],"predecessor-version":[{"id":34951,"href":"https:\/\/www.lfk.se\/index.php?rest_route=\/wp\/v2\/posts\/34939\/revisions\/34951"}],"wp:attachment":[{"href":"https:\/\/www.lfk.se\/index.php?rest_route=%2Fwp%2Fv2%2Fmedia&parent=34939"}],"wp:term":[{"taxonomy":"category","embeddable":true,"href":"https:\/\/www.lfk.se\/index.php?rest_route=%2Fwp%2Fv2%2Fcategories&post=34939"},{"taxonomy":"post_tag","embeddable":true,"href":"https:\/\/www.lfk.se\/index.php?rest_route=%2Fwp%2Fv2%2Ftags&post=34939"}],"curies":[{"name":"wp","href":"https:\/\/api.w.org\/{rel}","templated":true}]}}