{"id":35290,"date":"2019-06-01T21:10:58","date_gmt":"2019-06-01T19:10:58","guid":{"rendered":"http:\/\/www.lfk.se\/?p=35290"},"modified":"2019-06-01T21:10:58","modified_gmt":"2019-06-01T19:10:58","slug":"nytt-gammalt-klubbmarke","status":"publish","type":"post","link":"https:\/\/www.lfk.se\/?p=35290","title":{"rendered":"Nytt (gammalt) klubbm\u00e4rke?"},"content":{"rendered":"\n<figure class=\"wp-block-image\"><img loading=\"lazy\" decoding=\"async\" width=\"1024\" height=\"768\" src=\"http:\/\/www.lfk.se\/wp-content\/uploads\/2019\/06\/61959432_10214531241859443_8409176950567862272_o-1024x768.jpg\" alt=\"\" class=\"wp-image-35291\" srcset=\"https:\/\/www.lfk.se\/wp-content\/uploads\/2019\/06\/61959432_10214531241859443_8409176950567862272_o-1024x768.jpg 1024w, https:\/\/www.lfk.se\/wp-content\/uploads\/2019\/06\/61959432_10214531241859443_8409176950567862272_o-300x225.jpg 300w, https:\/\/www.lfk.se\/wp-content\/uploads\/2019\/06\/61959432_10214531241859443_8409176950567862272_o-768x576.jpg 768w, https:\/\/www.lfk.se\/wp-content\/uploads\/2019\/06\/61959432_10214531241859443_8409176950567862272_o-200x150.jpg 200w, https:\/\/www.lfk.se\/wp-content\/uploads\/2019\/06\/61959432_10214531241859443_8409176950567862272_o-150x113.jpg 150w, https:\/\/www.lfk.se\/wp-content\/uploads\/2019\/06\/61959432_10214531241859443_8409176950567862272_o.jpg 2048w\" sizes=\"auto, (max-width: 1024px) 100vw, 1024px\" \/><\/figure>\n\n\n\n<p>V\u00e5r motorflygchef, Per Wernholm, har piffat upp klubbens flygplan inf\u00f6r l\u00e5ngresan med klubbm\u00e4rke p\u00e5 fenan. Om inte vilket m\u00e4rke som helst, utan det \u00e4r mycket likt <a href=\"http:\/\/www.lfk.se\/?p=1186\">klubbens m\u00e4rke fr\u00e5n 1973!<\/a> Fr\u00e5gan \u00e4r om det \u00e4r ett officiellt klubbm\u00e4rkesbyte eller inte? N\u00e4r <a href=\"http:\/\/www.lfk.se\/?p=33694\">LFK pilotvinge\/utbildningstecken<\/a> togs fram s\u00e5 inspirerades det av klubbm\u00e4rket fr\u00e5n 1933!<\/p>\n\n\n\n<figure class=\"wp-block-image\"><img loading=\"lazy\" decoding=\"async\" width=\"1024\" height=\"768\" src=\"http:\/\/www.lfk.se\/wp-content\/uploads\/2019\/06\/IMG_2108-1024x768.jpg\" alt=\"\" class=\"wp-image-35292\" srcset=\"https:\/\/www.lfk.se\/wp-content\/uploads\/2019\/06\/IMG_2108-1024x768.jpg 1024w, https:\/\/www.lfk.se\/wp-content\/uploads\/2019\/06\/IMG_2108-300x225.jpg 300w, https:\/\/www.lfk.se\/wp-content\/uploads\/2019\/06\/IMG_2108-768x576.jpg 768w, https:\/\/www.lfk.se\/wp-content\/uploads\/2019\/06\/IMG_2108-200x150.jpg 200w, https:\/\/www.lfk.se\/wp-content\/uploads\/2019\/06\/IMG_2108-150x113.jpg 150w\" sizes=\"auto, (max-width: 1024px) 100vw, 1024px\" \/><\/figure>\n\n\n\n<p>Inf\u00f6r <a href=\"http:\/\/www.lfk.se\/?p=34104\">l\u00e5ngresan 2016<\/a> tillkom texterna &#8221;Link\u00f6pings Flygklubb&#8221; respektive &#8221;Link\u00f6pings Flying Club&#8221; p\u00e5 sidorna av v\u00e5ra maskiner. Med klubbm\u00e4rke s\u00e5 syns det tydligt var de kommer ifr\u00e5n!<\/p>\n\n\n\n<p>Detta \u00e4ldre klubbm\u00e4rke h\u00e4nger \u00e4ven utanf\u00f6r d\u00f6rren p\u00e5 klubbhuset. V\u00e4der och vind har dock gjort sitt s\u00e5 det \u00e4r nog dags att sl\u00e4nga p\u00e5 lite ny f\u00e4rg igen! Samma sak g\u00e4ller skylten med &#8221;Link\u00f6pings Aeronauter&#8221; p\u00e5 hangaren. Bokst\u00e4verna klipptes ut ur pl\u00e5t i samband med <a href=\"http:\/\/www.lfk.se\/?p=31952\">invigningen 2015<\/a> och har b\u00f6rjat rosta en smula. N\u00e5got f\u00f6r en ledig kv\u00e4ll i sommar med andra ord!<\/p>\n","protected":false},"excerpt":{"rendered":"<p>V\u00e5r motorflygchef, Per Wernholm, har piffat upp klubbens flygplan inf\u00f6r l\u00e5ngresan med klubbm\u00e4rke p\u00e5 fenan. Om inte vilket m\u00e4rke som helst, utan det \u00e4r mycket likt klubbens m\u00e4rke fr\u00e5n 1973! Fr\u00e5gan \u00e4r om det \u00e4r ett officiellt klubbm\u00e4rkesbyte eller inte? N\u00e4r LFK pilotvinge\/utbildningstecken togs fram s\u00e5 inspirerades det av klubbm\u00e4rket fr\u00e5n 1933! Inf\u00f6r l\u00e5ngresan 2016 tillkom texterna &#8221;Link\u00f6pings Flygklubb&#8221; respektive &#8221;Link\u00f6pings Flying Club&#8221; p\u00e5 sidorna av v\u00e5ra maskiner. Med klubbm\u00e4rke s\u00e5 syns det tydligt var de kommer ifr\u00e5n! Detta \u00e4ldre klubbm\u00e4rke h\u00e4nger \u00e4ven utanf\u00f6r d\u00f6rren p\u00e5 klubbhuset. V\u00e4der och vind har dock gjort sitt s\u00e5 det \u00e4r nog dags att sl\u00e4nga p\u00e5 lite ny f\u00e4rg igen! Samma sak g\u00e4ller skylten med &#8221;Link\u00f6pings Aeronauter&#8221; p\u00e5 hangaren. Bokst\u00e4verna klipptes ut ur pl\u00e5t i samband med invigningen 2015 och har b\u00f6rjat rosta en smula. N\u00e5got f\u00f6r en ledig kv\u00e4ll i sommar med andra ord! <a class=\"continue-reading-link\" href=\"https:\/\/www.lfk.se\/?p=35290\">L\u00e4s mer<\/a><\/p>\n","protected":false},"author":2,"featured_media":0,"comment_status":"open","ping_status":"open","sticky":false,"template":"","format":"standard","meta":{"footnotes":""},"categories":[48],"tags":[47,53],"class_list":["post-35290","post","type-post","status-publish","format-standard","hentry","category-kontakten","tag-klubbmarke","tag-lfk"],"_links":{"self":[{"href":"https:\/\/www.lfk.se\/index.php?rest_route=\/wp\/v2\/posts\/35290","targetHints":{"allow":["GET"]}}],"collection":[{"href":"https:\/\/www.lfk.se\/index.php?rest_route=\/wp\/v2\/posts"}],"about":[{"href":"https:\/\/www.lfk.se\/index.php?rest_route=\/wp\/v2\/types\/post"}],"author":[{"embeddable":true,"href":"https:\/\/www.lfk.se\/index.php?rest_route=\/wp\/v2\/users\/2"}],"replies":[{"embeddable":true,"href":"https:\/\/www.lfk.se\/index.php?rest_route=%2Fwp%2Fv2%2Fcomments&post=35290"}],"version-history":[{"count":1,"href":"https:\/\/www.lfk.se\/index.php?rest_route=\/wp\/v2\/posts\/35290\/revisions"}],"predecessor-version":[{"id":35293,"href":"https:\/\/www.lfk.se\/index.php?rest_route=\/wp\/v2\/posts\/35290\/revisions\/35293"}],"wp:attachment":[{"href":"https:\/\/www.lfk.se\/index.php?rest_route=%2Fwp%2Fv2%2Fmedia&parent=35290"}],"wp:term":[{"taxonomy":"category","embeddable":true,"href":"https:\/\/www.lfk.se\/index.php?rest_route=%2Fwp%2Fv2%2Fcategories&post=35290"},{"taxonomy":"post_tag","embeddable":true,"href":"https:\/\/www.lfk.se\/index.php?rest_route=%2Fwp%2Fv2%2Ftags&post=35290"}],"curies":[{"name":"wp","href":"https:\/\/api.w.org\/{rel}","templated":true}]}}