{"id":35448,"date":"2020-01-01T13:06:49","date_gmt":"2020-01-01T12:06:49","guid":{"rendered":"http:\/\/www.lfk.se\/?p=35448"},"modified":"2020-01-01T20:23:16","modified_gmt":"2020-01-01T19:23:16","slug":"arets-sista-flygdag","status":"publish","type":"post","link":"https:\/\/www.lfk.se\/?p=35448","title":{"rendered":"\u00c5rets sista flygdag"},"content":{"rendered":"\n<figure class=\"wp-block-image\"><img loading=\"lazy\" decoding=\"async\" width=\"1024\" height=\"544\" src=\"http:\/\/www.lfk.se\/wp-content\/uploads\/2020\/01\/81289605_10220871996894401_6986405038755151872_o-1024x544.jpg\" alt=\"\" class=\"wp-image-35449\" srcset=\"https:\/\/www.lfk.se\/wp-content\/uploads\/2020\/01\/81289605_10220871996894401_6986405038755151872_o-1024x544.jpg 1024w, https:\/\/www.lfk.se\/wp-content\/uploads\/2020\/01\/81289605_10220871996894401_6986405038755151872_o-300x159.jpg 300w, https:\/\/www.lfk.se\/wp-content\/uploads\/2020\/01\/81289605_10220871996894401_6986405038755151872_o-768x408.jpg 768w, https:\/\/www.lfk.se\/wp-content\/uploads\/2020\/01\/81289605_10220871996894401_6986405038755151872_o-250x133.jpg 250w, https:\/\/www.lfk.se\/wp-content\/uploads\/2020\/01\/81289605_10220871996894401_6986405038755151872_o-150x80.jpg 150w, https:\/\/www.lfk.se\/wp-content\/uploads\/2020\/01\/81289605_10220871996894401_6986405038755151872_o.jpg 1920w\" sizes=\"auto, (max-width: 1024px) 100vw, 1024px\" \/><\/figure>\n\n\n\n<p>\u00c5rets sista flygdag bj\u00f6d p\u00e5 str\u00e5lande solsken. Bokningskalendern i MyWebLog blev snabbt fylld. M\u00e5nga medlemmar som passade p\u00e5 att utnyttja tillf\u00e4llet f\u00f6r en sista flygtur p\u00e5 \u00e5ret.<\/p>\n\n\n\n<p>Tyv\u00e4rr s\u00e5 bl\u00e5ste det en hel del, s\u00e5 det var kyttigt \u00e4ven p\u00e5 h\u00f6gre h\u00f6jder. Men vad g\u00f6r v\u00e4l det n\u00e4r man f\u00e5r se solen igen!<\/p>\n\n\n\n<figure class=\"wp-block-image\"><img loading=\"lazy\" decoding=\"async\" width=\"960\" height=\"720\" src=\"http:\/\/www.lfk.se\/wp-content\/uploads\/2020\/01\/81025990_10220873082761547_8265473078625042432_n.jpg\" alt=\"\" class=\"wp-image-35450\" srcset=\"https:\/\/www.lfk.se\/wp-content\/uploads\/2020\/01\/81025990_10220873082761547_8265473078625042432_n.jpg 960w, https:\/\/www.lfk.se\/wp-content\/uploads\/2020\/01\/81025990_10220873082761547_8265473078625042432_n-300x225.jpg 300w, https:\/\/www.lfk.se\/wp-content\/uploads\/2020\/01\/81025990_10220873082761547_8265473078625042432_n-768x576.jpg 768w, https:\/\/www.lfk.se\/wp-content\/uploads\/2020\/01\/81025990_10220873082761547_8265473078625042432_n-200x150.jpg 200w, https:\/\/www.lfk.se\/wp-content\/uploads\/2020\/01\/81025990_10220873082761547_8265473078625042432_n-150x113.jpg 150w\" sizes=\"auto, (max-width: 960px) 100vw, 960px\" \/><\/figure>\n\n\n\n<figure class=\"wp-block-image\"><img loading=\"lazy\" decoding=\"async\" width=\"960\" height=\"720\" src=\"http:\/\/www.lfk.se\/wp-content\/uploads\/2020\/01\/81942116_10220873082881550_4182552935118405632_n.jpg\" alt=\"\" class=\"wp-image-35451\" srcset=\"https:\/\/www.lfk.se\/wp-content\/uploads\/2020\/01\/81942116_10220873082881550_4182552935118405632_n.jpg 960w, https:\/\/www.lfk.se\/wp-content\/uploads\/2020\/01\/81942116_10220873082881550_4182552935118405632_n-300x225.jpg 300w, https:\/\/www.lfk.se\/wp-content\/uploads\/2020\/01\/81942116_10220873082881550_4182552935118405632_n-768x576.jpg 768w, https:\/\/www.lfk.se\/wp-content\/uploads\/2020\/01\/81942116_10220873082881550_4182552935118405632_n-200x150.jpg 200w, https:\/\/www.lfk.se\/wp-content\/uploads\/2020\/01\/81942116_10220873082881550_4182552935118405632_n-150x113.jpg 150w\" sizes=\"auto, (max-width: 960px) 100vw, 960px\" \/><\/figure>\n\n\n\n<p>Gottt Nytt \u00c5r till alla medlemmar och v\u00e4nner \u00f6nskar Link\u00f6pings Flygklubb! 2019 var ett bra \u00e5r, 2020 ska bli \u00e4nnu b\u00e4ttre!<\/p>\n\n\n\n<p><\/p>\n","protected":false},"excerpt":{"rendered":"<p>\u00c5rets sista flygdag bj\u00f6d p\u00e5 str\u00e5lande solsken. Bokningskalendern i MyWebLog blev snabbt fylld. M\u00e5nga medlemmar som passade p\u00e5 att utnyttja tillf\u00e4llet f\u00f6r en sista flygtur p\u00e5 \u00e5ret. Tyv\u00e4rr s\u00e5 bl\u00e5ste det en hel del, s\u00e5 det var kyttigt \u00e4ven p\u00e5 h\u00f6gre h\u00f6jder. Men vad g\u00f6r v\u00e4l det n\u00e4r man f\u00e5r se solen igen! Gottt Nytt \u00c5r till alla medlemmar och v\u00e4nner \u00f6nskar Link\u00f6pings Flygklubb! 2019 var ett bra \u00e5r, 2020 ska bli \u00e4nnu b\u00e4ttre! <a class=\"continue-reading-link\" href=\"https:\/\/www.lfk.se\/?p=35448\">L\u00e4s mer<\/a><\/p>\n","protected":false},"author":2,"featured_media":0,"comment_status":"open","ping_status":"open","sticky":false,"template":"","format":"standard","meta":{"footnotes":""},"categories":[48],"tags":[284,293,294,295],"class_list":["post-35448","post","type-post","status-publish","format-standard","hentry","category-kontakten","tag-284","tag-293","tag-nyar","tag-sol"],"_links":{"self":[{"href":"https:\/\/www.lfk.se\/index.php?rest_route=\/wp\/v2\/posts\/35448","targetHints":{"allow":["GET"]}}],"collection":[{"href":"https:\/\/www.lfk.se\/index.php?rest_route=\/wp\/v2\/posts"}],"about":[{"href":"https:\/\/www.lfk.se\/index.php?rest_route=\/wp\/v2\/types\/post"}],"author":[{"embeddable":true,"href":"https:\/\/www.lfk.se\/index.php?rest_route=\/wp\/v2\/users\/2"}],"replies":[{"embeddable":true,"href":"https:\/\/www.lfk.se\/index.php?rest_route=%2Fwp%2Fv2%2Fcomments&post=35448"}],"version-history":[{"count":1,"href":"https:\/\/www.lfk.se\/index.php?rest_route=\/wp\/v2\/posts\/35448\/revisions"}],"predecessor-version":[{"id":35452,"href":"https:\/\/www.lfk.se\/index.php?rest_route=\/wp\/v2\/posts\/35448\/revisions\/35452"}],"wp:attachment":[{"href":"https:\/\/www.lfk.se\/index.php?rest_route=%2Fwp%2Fv2%2Fmedia&parent=35448"}],"wp:term":[{"taxonomy":"category","embeddable":true,"href":"https:\/\/www.lfk.se\/index.php?rest_route=%2Fwp%2Fv2%2Fcategories&post=35448"},{"taxonomy":"post_tag","embeddable":true,"href":"https:\/\/www.lfk.se\/index.php?rest_route=%2Fwp%2Fv2%2Ftags&post=35448"}],"curies":[{"name":"wp","href":"https:\/\/api.w.org\/{rel}","templated":true}]}}