{"id":37785,"date":"2023-08-01T19:07:11","date_gmt":"2023-08-01T17:07:11","guid":{"rendered":"https:\/\/www.lfk.se\/?p=37785"},"modified":"2023-08-01T19:07:14","modified_gmt":"2023-08-01T17:07:14","slug":"2023-ars-klubbutflykt-del-2-se-kit-rijksmuseum-och-danmark","status":"publish","type":"post","link":"https:\/\/www.lfk.se\/?p=37785","title":{"rendered":"2023 \u00e5rs klubbutflykt, del 2: SE-KIT, Rijksmuseum och Danmark"},"content":{"rendered":"\n<p>V\u00e4l i Amsterdam beh\u00f6vde vi n\u00e5got att g\u00f6ra under hela s\u00f6ndagen 9:e juli. Vi b\u00f6rjade med att i samlad trupp ta en guidad rundtur i en turistb\u00e5t f\u00f6r att f\u00e5 en snabb \u00f6verblick \u00f6ver centrum, och delade sedan upp oss i olika grupper f\u00f6r olika aktiviteter. Jag f\u00f6ljde med gruppen som gick till <a href=\"https:\/\/www.rijksmuseum.nl\/en\">Rijksmuseum<\/a> f\u00f6r att se konst och kolonialhistoria.<\/p>\n\n\n\n<div class=\"wp-block-columns is-layout-flex wp-container-core-columns-is-layout-9d6595d7 wp-block-columns-is-layout-flex\">\n<div class=\"wp-block-column is-layout-flow wp-block-column-is-layout-flow\">\n<figure class=\"wp-block-image size-large\"><a href=\"https:\/\/www.lfk.se\/wp-content\/uploads\/2023\/07\/E80A6762-scaled.jpg\"><img loading=\"lazy\" decoding=\"async\" width=\"1024\" height=\"683\" src=\"https:\/\/www.lfk.se\/wp-content\/uploads\/2023\/07\/E80A6762-1024x683.jpg\" alt=\"Foto av Rembrandts tavla &quot;Nattvakten&quot;. Nederkanten av tavlan \u00e4r blockerad av teknisk utrustning.\" class=\"wp-image-37772\" srcset=\"https:\/\/www.lfk.se\/wp-content\/uploads\/2023\/07\/E80A6762-1024x683.jpg 1024w, https:\/\/www.lfk.se\/wp-content\/uploads\/2023\/07\/E80A6762-300x200.jpg 300w, https:\/\/www.lfk.se\/wp-content\/uploads\/2023\/07\/E80A6762-768x512.jpg 768w, https:\/\/www.lfk.se\/wp-content\/uploads\/2023\/07\/E80A6762-1536x1024.jpg 1536w, https:\/\/www.lfk.se\/wp-content\/uploads\/2023\/07\/E80A6762-2048x1365.jpg 2048w, https:\/\/www.lfk.se\/wp-content\/uploads\/2023\/07\/E80A6762-225x150.jpg 225w, https:\/\/www.lfk.se\/wp-content\/uploads\/2023\/07\/E80A6762-150x100.jpg 150w\" sizes=\"auto, (max-width: 1024px) 100vw, 1024px\" \/><\/a><figcaption class=\"wp-element-caption\">Rembrandts &#8221;Nattvakten&#8221; h\u00f6ll p\u00e5 att restaureras medan vi var d\u00e4r, s\u00e5 laserscannern skymde en del av tavlan.<\/figcaption><\/figure>\n<\/div>\n\n\n\n<div class=\"wp-block-column is-layout-flow wp-block-column-is-layout-flow\">\n<figure class=\"wp-block-image size-large\"><a href=\"https:\/\/www.lfk.se\/wp-content\/uploads\/2023\/07\/E80A6812-scaled.jpg\"><img loading=\"lazy\" decoding=\"async\" width=\"1024\" height=\"683\" src=\"https:\/\/www.lfk.se\/wp-content\/uploads\/2023\/07\/E80A6812-1024x683.jpg\" alt=\"Ett litet flygplan i en museiehall. Det \u00e4r ett enmotorigt biplan med \u00f6ppen cockpit.\" class=\"wp-image-37773\" srcset=\"https:\/\/www.lfk.se\/wp-content\/uploads\/2023\/07\/E80A6812-1024x683.jpg 1024w, https:\/\/www.lfk.se\/wp-content\/uploads\/2023\/07\/E80A6812-300x200.jpg 300w, https:\/\/www.lfk.se\/wp-content\/uploads\/2023\/07\/E80A6812-768x512.jpg 768w, https:\/\/www.lfk.se\/wp-content\/uploads\/2023\/07\/E80A6812-1536x1024.jpg 1536w, https:\/\/www.lfk.se\/wp-content\/uploads\/2023\/07\/E80A6812-2048x1365.jpg 2048w, https:\/\/www.lfk.se\/wp-content\/uploads\/2023\/07\/E80A6812-225x150.jpg 225w, https:\/\/www.lfk.se\/wp-content\/uploads\/2023\/07\/E80A6812-150x100.jpg 150w\" sizes=\"auto, (max-width: 1024px) 100vw, 1024px\" \/><\/a><figcaption class=\"wp-element-caption\">Rijksmuseum har inte bara tavlor fr\u00e5n 1600-talet. P\u00e5 \u00f6versta v\u00e5ningen st\u00e5r denna <a href=\"https:\/\/en.wikipedia.org\/wiki\/BAT_Bantam\">BAT F.K.23 Bantam<\/a>, konstruerat av en nederl\u00e4ndare men byggt i England under F\u00f6rsta v\u00e4rldskriget.<\/figcaption><\/figure>\n<\/div>\n<\/div>\n\n\n\n<div class=\"wp-block-columns is-layout-flex wp-container-core-columns-is-layout-9d6595d7 wp-block-columns-is-layout-flex\">\n<div class=\"wp-block-column is-layout-flow wp-block-column-is-layout-flow\">\n<figure class=\"wp-block-image size-large\"><a href=\"https:\/\/www.lfk.se\/wp-content\/uploads\/2023\/07\/E80A6843-scaled.jpg\"><img loading=\"lazy\" decoding=\"async\" width=\"1024\" height=\"683\" src=\"https:\/\/www.lfk.se\/wp-content\/uploads\/2023\/07\/E80A6843-1024x683.jpg\" alt=\"Foto av en modell av ett segelfartyg i en museiesal. Modellen tornar upp sig \u00f6ver m\u00e4nniskorna som st\u00e5r omkring den.\" class=\"wp-image-37774\" srcset=\"https:\/\/www.lfk.se\/wp-content\/uploads\/2023\/07\/E80A6843-1024x683.jpg 1024w, https:\/\/www.lfk.se\/wp-content\/uploads\/2023\/07\/E80A6843-300x200.jpg 300w, https:\/\/www.lfk.se\/wp-content\/uploads\/2023\/07\/E80A6843-768x512.jpg 768w, https:\/\/www.lfk.se\/wp-content\/uploads\/2023\/07\/E80A6843-1536x1024.jpg 1536w, https:\/\/www.lfk.se\/wp-content\/uploads\/2023\/07\/E80A6843-2048x1365.jpg 2048w, https:\/\/www.lfk.se\/wp-content\/uploads\/2023\/07\/E80A6843-225x150.jpg 225w, https:\/\/www.lfk.se\/wp-content\/uploads\/2023\/07\/E80A6843-150x100.jpg 150w\" sizes=\"auto, (max-width: 1024px) 100vw, 1024px\" \/><\/a><figcaption class=\"wp-element-caption\">Nederl\u00e4nderna har en l\u00e5ng tradition av sj\u00f6fart och handel, vilket \u00e5terspeglas i Rijksmuseums samlingar.<\/figcaption><\/figure>\n<\/div>\n\n\n\n<div class=\"wp-block-column is-layout-flow wp-block-column-is-layout-flow\">\n<figure class=\"wp-block-image size-large\"><a href=\"https:\/\/www.lfk.se\/wp-content\/uploads\/2023\/07\/E80A6893-scaled.jpg\"><img loading=\"lazy\" decoding=\"async\" width=\"1024\" height=\"683\" src=\"https:\/\/www.lfk.se\/wp-content\/uploads\/2023\/07\/E80A6893-1024x683.jpg\" alt=\"En upps\u00e4ttning cylindriska k\u00e4rl och en stav. Alla \u00e4r gjorda i gul metall med h\u00f6g precision.\" class=\"wp-image-37775\" srcset=\"https:\/\/www.lfk.se\/wp-content\/uploads\/2023\/07\/E80A6893-1024x683.jpg 1024w, https:\/\/www.lfk.se\/wp-content\/uploads\/2023\/07\/E80A6893-300x200.jpg 300w, https:\/\/www.lfk.se\/wp-content\/uploads\/2023\/07\/E80A6893-768x512.jpg 768w, https:\/\/www.lfk.se\/wp-content\/uploads\/2023\/07\/E80A6893-1536x1024.jpg 1536w, https:\/\/www.lfk.se\/wp-content\/uploads\/2023\/07\/E80A6893-2048x1365.jpg 2048w, https:\/\/www.lfk.se\/wp-content\/uploads\/2023\/07\/E80A6893-225x150.jpg 225w, https:\/\/www.lfk.se\/wp-content\/uploads\/2023\/07\/E80A6893-150x100.jpg 150w\" sizes=\"auto, (max-width: 1024px) 100vw, 1024px\" \/><\/a><figcaption class=\"wp-element-caption\">Hur vet man hur mycket en liter och hur l\u00e5ng en meter \u00e4r? Innan vi fick definitioner baserade p\u00e5 fysikaliska konstanter hade varje land prototyper som definitionsm\u00e4ssigt var exakta. H\u00e4r \u00e4r n\u00e5gra volymer och en l\u00e4ngd som tidigare anv\u00e4nts i Nederl\u00e4nderna.<\/figcaption><\/figure>\n<\/div>\n\n\n\n<div class=\"wp-block-column is-layout-flow wp-block-column-is-layout-flow\">\n<figure class=\"wp-block-image size-large\"><a href=\"https:\/\/www.lfk.se\/wp-content\/uploads\/2023\/07\/E80A6952-scaled.jpg\"><img loading=\"lazy\" decoding=\"async\" width=\"683\" height=\"1024\" src=\"https:\/\/www.lfk.se\/wp-content\/uploads\/2023\/07\/E80A6952-683x1024.jpg\" alt=\"Foto av en inramad tavla. Bilden \u00e4r ett portr\u00e4tt av en sk\u00e4ggig man if\u00f6rd en gr\u00e5 hatt.\" class=\"wp-image-37776\" srcset=\"https:\/\/www.lfk.se\/wp-content\/uploads\/2023\/07\/E80A6952-683x1024.jpg 683w, https:\/\/www.lfk.se\/wp-content\/uploads\/2023\/07\/E80A6952-200x300.jpg 200w, https:\/\/www.lfk.se\/wp-content\/uploads\/2023\/07\/E80A6952-768x1152.jpg 768w, https:\/\/www.lfk.se\/wp-content\/uploads\/2023\/07\/E80A6952-1024x1536.jpg 1024w, https:\/\/www.lfk.se\/wp-content\/uploads\/2023\/07\/E80A6952-1365x2048.jpg 1365w, https:\/\/www.lfk.se\/wp-content\/uploads\/2023\/07\/E80A6952-100x150.jpg 100w, https:\/\/www.lfk.se\/wp-content\/uploads\/2023\/07\/E80A6952-scaled.jpg 1707w\" sizes=\"auto, (max-width: 683px) 100vw, 683px\" \/><\/a><figcaption class=\"wp-element-caption\"><a href=\"https:\/\/en.wikipedia.org\/wiki\/File:Zelfportret_Rijksmuseum_SK-A-3262.jpeg\">Sj\u00e4lvportr\u00e4tt av Vincent van Gogh, 1887<\/a><\/figcaption><\/figure>\n<\/div>\n<\/div>\n\n\n\n<p>N\u00e4r vi var p\u00e5 v\u00e4g ut fr\u00e5n Rijksmuseum, n\u00e4stan vid st\u00e4ngningsdags, kom \u00e5skan. Museets entr\u00e9 med caf\u00e9 och presentbutik ligger halv nedgr\u00e4vt i marken under ett glastak, s\u00e5 vi b\u00e5de s\u00e5g blixtar och h\u00f6rde \u00f6sande regn. Vi var alla glada \u00f6ver att vi inte hade f\u00f6rs\u00f6kt flyga genom det ov\u00e4dret.<\/p>\n\n\n\n<div class=\"wp-block-columns is-layout-flex wp-container-core-columns-is-layout-9d6595d7 wp-block-columns-is-layout-flex\">\n<div class=\"wp-block-column is-layout-flow wp-block-column-is-layout-flow\">\n<p>M\u00e5ndag morgon \u00e5kte vi tillbaka till Lelystad f\u00f6r att planera vidare resa. V\u00e4dret till\u00e4t fortfarande inte korsande av kanalen till England och f\u00f6r en del av oss b\u00f6rjade det bli dags att t\u00e4nka p\u00e5 hemkomst innan semestern tog slut. Resans erfarenheter hittills hade visat att det \u00e4r l\u00e4tt att bli f\u00f6rsenad en dag eller tv\u00e5, s\u00e5 det \u00e4r inte tillr\u00e5dligt att planera fram till slutdatum.<\/p>\n\n\n\n<p>Det slutade med att SE-KIT, undertecknad inkluderad, best\u00e4mde sig f\u00f6r att \u00e5ka hem\u00e5t, medan SE-IUD och SE-LRL fortsatte mot Berlin f\u00f6r ytterligare n\u00e5gon dags utflykt.<\/p>\n<\/div>\n\n\n\n<div class=\"wp-block-column is-layout-flow wp-block-column-is-layout-flow\">\n<figure class=\"wp-block-image size-large\"><a href=\"https:\/\/www.lfk.se\/wp-content\/uploads\/2023\/07\/E80A7019-scaled.jpg\"><img loading=\"lazy\" decoding=\"async\" width=\"1024\" height=\"683\" src=\"https:\/\/www.lfk.se\/wp-content\/uploads\/2023\/07\/E80A7019-1024x683.jpg\" alt=\"Sju personer sitter runt ett bord inomhus. Alla h\u00e5ller i elektroniska enheter. Packning ligger spridd runt omkring.\" class=\"wp-image-37777\" srcset=\"https:\/\/www.lfk.se\/wp-content\/uploads\/2023\/07\/E80A7019-1024x683.jpg 1024w, https:\/\/www.lfk.se\/wp-content\/uploads\/2023\/07\/E80A7019-300x200.jpg 300w, https:\/\/www.lfk.se\/wp-content\/uploads\/2023\/07\/E80A7019-768x512.jpg 768w, https:\/\/www.lfk.se\/wp-content\/uploads\/2023\/07\/E80A7019-1536x1024.jpg 1536w, https:\/\/www.lfk.se\/wp-content\/uploads\/2023\/07\/E80A7019-2048x1365.jpg 2048w, https:\/\/www.lfk.se\/wp-content\/uploads\/2023\/07\/E80A7019-225x150.jpg 225w, https:\/\/www.lfk.se\/wp-content\/uploads\/2023\/07\/E80A7019-150x100.jpg 150w\" sizes=\"auto, (max-width: 1024px) 100vw, 1024px\" \/><\/a><figcaption class=\"wp-element-caption\">Gruppen sitter i terminalen p\u00e5 Lelystad och planerar resterande flygning.<\/figcaption><\/figure>\n<\/div>\n<\/div>\n\n\n\n<div class=\"wp-block-columns is-layout-flex wp-container-core-columns-is-layout-9d6595d7 wp-block-columns-is-layout-flex\">\n<div class=\"wp-block-column is-layout-flow wp-block-column-is-layout-flow\" style=\"flex-basis:33.33%\">\n<figure class=\"wp-block-image size-large\"><a href=\"https:\/\/www.lfk.se\/wp-content\/uploads\/2023\/07\/E80A7059-scaled.jpg\"><img loading=\"lazy\" decoding=\"async\" width=\"683\" height=\"1024\" src=\"https:\/\/www.lfk.se\/wp-content\/uploads\/2023\/07\/E80A7059-683x1024.jpg\" alt=\"Foto av en person som sitter vid ett bord p\u00e5 en uteservering. Bakom personen syns ett l\u00e5gt staket, och bortom det st\u00e5r ett parkerat flygplan.\" class=\"wp-image-37778\" srcset=\"https:\/\/www.lfk.se\/wp-content\/uploads\/2023\/07\/E80A7059-683x1024.jpg 683w, https:\/\/www.lfk.se\/wp-content\/uploads\/2023\/07\/E80A7059-200x300.jpg 200w, https:\/\/www.lfk.se\/wp-content\/uploads\/2023\/07\/E80A7059-768x1152.jpg 768w, https:\/\/www.lfk.se\/wp-content\/uploads\/2023\/07\/E80A7059-1024x1536.jpg 1024w, https:\/\/www.lfk.se\/wp-content\/uploads\/2023\/07\/E80A7059-1365x2048.jpg 1365w, https:\/\/www.lfk.se\/wp-content\/uploads\/2023\/07\/E80A7059-100x150.jpg 100w, https:\/\/www.lfk.se\/wp-content\/uploads\/2023\/07\/E80A7059-scaled.jpg 1707w\" sizes=\"auto, (max-width: 683px) 100vw, 683px\" \/><\/a><figcaption class=\"wp-element-caption\">Schnitzeln p\u00e5 Uetersen-Heist serveras p\u00e5 lagom avst\u00e5nd fr\u00e5n flygverksamheten.<\/figcaption><\/figure>\n<\/div>\n\n\n\n<div class=\"wp-block-column is-layout-flow wp-block-column-is-layout-flow\" style=\"flex-basis:66.66%\">\n<p>SE-KIT \u00e5kte iv\u00e4g f\u00f6rst, mot <a href=\"http:\/\/www.edhe.de\/\">Uetersen-Heist<\/a> utanf\u00f6r Hamburg. Efter att ha undvikit storflygplatsen Hamburgs luftrum visade det sig att Uetersen var en trevlig liten flygplats med 1000m gr\u00e4sbana, flygbensin och restaurang. Den skall kommas ih\u00e5g till framtida utflykter.<\/p>\n\n\n\n<p>Dagens sista etapp gick sedan rakt norrut till Herning, mitt p\u00e5 Jylland. <a href=\"https:\/\/www.ekhg.dk\/en\/forside-en\/\">Hernings flygplats<\/a> s\u00e4ger att de \u00e4r Danmarks ledande luftsportscentrum, men n\u00e4r vi kom dit hade alla klubbar g\u00e5tt hem f\u00f6r dagen. Som tur var fanns det en person kvar i en hangar som kunde hj\u00e4lpa oss med var vi skulle parkera, att hitta ett hotell och att ringa efter en taxi. Vi hade inte bokat n\u00e5got hotell i f\u00f6rv\u00e4g, f\u00f6r v\u00e4dret var s\u00e5 ostadigt att vi inte var s\u00e4kra p\u00e5 att komma fram till Herning. Det gick dock utm\u00e4rkt att, st\u00e5ende p\u00e5 flygplatsen, hitta ett ledigt hotell med mobiltelefonen. En l\u00e4rdom till n\u00e4sta l\u00e5ngresa \u00e4r att inte boka hotell s\u00e5 l\u00e5ngt i f\u00f6rv\u00e4g, eftersom v\u00e4dret g\u00f6r att planerna snabbt kan \u00e4ndras och det verkar g\u00e5 hyfsat att f\u00e5 tag p\u00e5 boende i alla fall. Det g\u00e4ller bara att t\u00e4nka p\u00e5 att mobilt Internet inte n\u00f6dv\u00e4ndigtvis fungerar problemfritt utanf\u00f6r EU.<\/p>\n<\/div>\n<\/div>\n\n\n\n<div class=\"wp-block-columns is-layout-flex wp-container-core-columns-is-layout-9d6595d7 wp-block-columns-is-layout-flex\">\n<div class=\"wp-block-column is-layout-flow wp-block-column-is-layout-flow\" style=\"flex-basis:66.66%\">\n<p>N\u00e4r vi kom tillbaka till flygplatsen tisdag morgon var det st\u00f6rre aktivitet, men inte s\u00e5 mycket att vi hade n\u00e5gra problem med att komma iv\u00e4g d\u00e4rifr\u00e5n. <a href=\"https:\/\/www.ekhg.dk\/en\/forside-en\/\">Herning<\/a> ligger dock inskjutet under <a href=\"https:\/\/en.wikipedia.org\/wiki\/Midtjyllands_Airport\">Midtjyllands Lufthavn<\/a>\/<a href=\"https:\/\/en.wikipedia.org\/wiki\/Air_Base_Karup\">Flyvestation Karup<\/a>, s\u00e5 det kr\u00e4vdes lite koordination med deras flygledning innan vi fick stiga och sv\u00e4nga \u00f6sterut. V\u00e4derprognosen hade dessutom sagt att det l\u00e5g ett stort molnomr\u00e5de \u00f6ver Aarhus, s\u00e5 vi fick avvika lite s\u00f6der om f\u00e5gelv\u00e4gen till <a href=\"https:\/\/www.halmstadcityairport.se\/\">Halmstad<\/a>.<\/p>\n<\/div>\n\n\n\n<div class=\"wp-block-column is-layout-flow wp-block-column-is-layout-flow\" style=\"flex-basis:33.33%\">\n<figure class=\"wp-block-image size-large\"><a href=\"https:\/\/www.lfk.se\/wp-content\/uploads\/2023\/07\/E80A7093-scaled.jpg\"><img loading=\"lazy\" decoding=\"async\" width=\"1024\" height=\"683\" src=\"https:\/\/www.lfk.se\/wp-content\/uploads\/2023\/07\/E80A7093-1024x683.jpg\" alt=\"Flygbild tagen \u00f6ver vatten. L\u00e5ga moln \u00e4r vitt spridda n\u00e4ra flygplanet, men ser ut att vara t\u00e4tare l\u00e4ngre fram.\" class=\"wp-image-37779\" srcset=\"https:\/\/www.lfk.se\/wp-content\/uploads\/2023\/07\/E80A7093-1024x683.jpg 1024w, https:\/\/www.lfk.se\/wp-content\/uploads\/2023\/07\/E80A7093-300x200.jpg 300w, https:\/\/www.lfk.se\/wp-content\/uploads\/2023\/07\/E80A7093-768x512.jpg 768w, https:\/\/www.lfk.se\/wp-content\/uploads\/2023\/07\/E80A7093-1536x1024.jpg 1536w, https:\/\/www.lfk.se\/wp-content\/uploads\/2023\/07\/E80A7093-2048x1365.jpg 2048w, https:\/\/www.lfk.se\/wp-content\/uploads\/2023\/07\/E80A7093-225x150.jpg 225w, https:\/\/www.lfk.se\/wp-content\/uploads\/2023\/07\/E80A7093-150x100.jpg 150w\" sizes=\"auto, (max-width: 1024px) 100vw, 1024px\" \/><\/a><figcaption class=\"wp-element-caption\">VFR \u00f6ver l\u00e5ga moln \u00f6ver Kattegatt.<\/figcaption><\/figure>\n<\/div>\n<\/div>\n\n\n\n<div class=\"wp-block-columns is-layout-flex wp-container-core-columns-is-layout-9d6595d7 wp-block-columns-is-layout-flex\">\n<div class=\"wp-block-column is-layout-flow wp-block-column-is-layout-flow\" style=\"flex-basis:33.33%\">\n<figure class=\"wp-block-image size-full\"><a href=\"https:\/\/www.lfk.se\/wp-content\/uploads\/2023\/07\/gcmap-lelystad-linkoping.gif\"><img loading=\"lazy\" decoding=\"async\" width=\"720\" height=\"360\" src=\"https:\/\/www.lfk.se\/wp-content\/uploads\/2023\/07\/gcmap-lelystad-linkoping.gif\" alt=\"Karta med utritade storcirkelrutter fr\u00e5n Lelystad till Link\u00f6ping, med stopp p\u00e5 v\u00e4gen i Uetersen, Herning och Halmstad.\" class=\"wp-image-37790\"\/><\/a><figcaption class=\"wp-element-caption\">Map generated by the\n<a href=\"http:\/\/www.gcmap.com\/\">Great Circle Mapper<\/a>&nbsp;&#8211;\ncopyright &#169; <a href=\"http:\/\/www.kls2.com\/~karl\/\">Karl L. Swartz<\/a>. <\/figcaption><\/figure>\n<\/div>\n\n\n\n<div class=\"wp-block-column is-layout-flow wp-block-column-is-layout-flow\" style=\"flex-basis:66.66%\">\n<p>Efter en snabb tankning i Halmstad \u00e5terstod bara en str\u00e4cka p\u00e5 resan innan vi skulle vara hemma i Link\u00f6ping. V\u00e4dret hade dock en sista \u00f6verraskning \u00e5t oss, f\u00f6r strax innan Link\u00f6ping \u00e5kte vi ifatt fronten som hade passerat \u00f6ver oss dagen innan. Som tur var s\u00e5 var den ganska svag vid det laget, s\u00e5 genom att avvika en bit \u00e5t sidan hamnade vi i uppeh\u00e5ll under moln som inte var farligt l\u00e5ga. Landningen hemma i Link\u00f6ping skedde utan problem.<\/p>\n<\/div>\n<\/div>\n\n\n\n<p>Med n\u00e5gra hotelln\u00e4tter insparade och ett par erfarenheter rikare ligger det n\u00e4ra till hands att f\u00f6rs\u00f6ka \u00e5ka till <a href=\"https:\/\/www.iwm.org.uk\/visits\/iwm-duxford\/pilots\">Duxford<\/a> n\u00e4sta \u00e5r.<\/p>\n","protected":false},"excerpt":{"rendered":"<p>V\u00e4l i Amsterdam beh\u00f6vde vi n\u00e5got att g\u00f6ra under hela s\u00f6ndagen 9:e juli. Vi b\u00f6rjade med att i samlad trupp ta en guidad rundtur i en turistb\u00e5t f\u00f6r att f\u00e5 en snabb \u00f6verblick \u00f6ver centrum, och delade sedan upp oss i olika grupper f\u00f6r olika aktiviteter. Jag f\u00f6ljde med gruppen som gick till Rijksmuseum f\u00f6r att se konst och kolonialhistoria. N\u00e4r vi var p\u00e5 v\u00e4g ut fr\u00e5n Rijksmuseum, n\u00e4stan vid st\u00e4ngningsdags, kom \u00e5skan. Museets entr\u00e9 med caf\u00e9 och presentbutik ligger halv nedgr\u00e4vt i marken under ett glastak, s\u00e5 vi b\u00e5de s\u00e5g blixtar och h\u00f6rde \u00f6sande regn. Vi var alla glada \u00f6ver att vi inte hade f\u00f6rs\u00f6kt flyga genom det ov\u00e4dret. M\u00e5ndag morgon \u00e5kte vi tillbaka till Lelystad f\u00f6r att planera vidare resa. V\u00e4dret till\u00e4t fortfarande inte korsande av kanalen till England och f\u00f6r en del av oss b\u00f6rjade det bli dags att t\u00e4nka p\u00e5 hemkomst innan semestern tog slut. Resans\u2026 <a class=\"continue-reading-link\" href=\"https:\/\/www.lfk.se\/?p=37785\">L\u00e4s mer<\/a><\/p>\n","protected":false},"author":11,"featured_media":0,"comment_status":"open","ping_status":"open","sticky":false,"template":"","format":"standard","meta":{"footnotes":""},"categories":[48],"tags":[241,292,71],"class_list":["post-37785","post","type-post","status-publish","format-standard","hentry","category-kontakten","tag-klubbresa","tag-langresa","tag-resa"],"_links":{"self":[{"href":"https:\/\/www.lfk.se\/index.php?rest_route=\/wp\/v2\/posts\/37785","targetHints":{"allow":["GET"]}}],"collection":[{"href":"https:\/\/www.lfk.se\/index.php?rest_route=\/wp\/v2\/posts"}],"about":[{"href":"https:\/\/www.lfk.se\/index.php?rest_route=\/wp\/v2\/types\/post"}],"author":[{"embeddable":true,"href":"https:\/\/www.lfk.se\/index.php?rest_route=\/wp\/v2\/users\/11"}],"replies":[{"embeddable":true,"href":"https:\/\/www.lfk.se\/index.php?rest_route=%2Fwp%2Fv2%2Fcomments&post=37785"}],"version-history":[{"count":5,"href":"https:\/\/www.lfk.se\/index.php?rest_route=\/wp\/v2\/posts\/37785\/revisions"}],"predecessor-version":[{"id":37791,"href":"https:\/\/www.lfk.se\/index.php?rest_route=\/wp\/v2\/posts\/37785\/revisions\/37791"}],"wp:attachment":[{"href":"https:\/\/www.lfk.se\/index.php?rest_route=%2Fwp%2Fv2%2Fmedia&parent=37785"}],"wp:term":[{"taxonomy":"category","embeddable":true,"href":"https:\/\/www.lfk.se\/index.php?rest_route=%2Fwp%2Fv2%2Fcategories&post=37785"},{"taxonomy":"post_tag","embeddable":true,"href":"https:\/\/www.lfk.se\/index.php?rest_route=%2Fwp%2Fv2%2Ftags&post=37785"}],"curies":[{"name":"wp","href":"https:\/\/api.w.org\/{rel}","templated":true}]}}